{"id":110026,"date":"2018-07-02T10:00:04","date_gmt":"2018-07-02T13:00:04","guid":{"rendered":"http:\/\/diarioregionaljf.com.br\/?p=110026"},"modified":"2018-07-02T10:00:45","modified_gmt":"2018-07-02T13:00:45","slug":"homem-armado-ameaca-seguranca-de-danceteria-e-dispara-tiros-em-via-publica-no-santa-terezinha","status":"publish","type":"post","link":"https:\/\/diarioregionaldigital.com.br\/?p=110026","title":{"rendered":"Homem armado amea\u00e7a seguran\u00e7a de danceteria e dispara tiros em via p\u00fablica no Santa Terezinha"},"content":{"rendered":"<p>Um homem de 32 anos foi preso ap\u00f3s amea\u00e7ar o seguran\u00e7a de uma danceteria com um rev\u00f3lver e disparar tiros em via p\u00fablica no bairro Santa Terezinha, Zona Nordeste da cidade, na noite desse domingo, 1\u00ba de julho.<\/p>\n<p>Conforme registro da ocorr\u00eancia na Pol\u00edcia Militar (PM), uma guarni\u00e7\u00e3o esteve no local ap\u00f3s receber den\u00fancia an\u00f4nima sobre os disparos de arma de fogo. Em contato com a v\u00edtima, um homem de 30 anos, os militares foram informados de que o autor teria fugido em um ve\u00edculo.<\/p>\n<p>De posse das informa\u00e7\u00f5es sobre o carro, foi iniciado rastreamento e uma equipe teve \u00eaxito em abordar o autor na Rua Professor Jo\u00e3o Corr\u00eaa Barbosa, no mesmo bairro. Durante buscas no interior do ve\u00edculo, foi encontrado, dentro de um compartimento abaixo do painel, um rev\u00f3lver calibre .38, carregado com seis muni\u00e7\u00f5es intactas do mesmo calibre. A arma estava com n\u00famero de registro suprimido.<\/p>\n<p>O homem assumiu a propriedade do rev\u00f3lver e confirmou ter amea\u00e7ado o seguran\u00e7a da danceteria ap\u00f3s ter sido retirado do local pelo mesmo.<\/p>\n<p>Ainda segundo a PM, durante procedimentos de fiscaliza\u00e7\u00e3o do ve\u00edculo o condutor apresentou uma Carteira de Habilita\u00e7\u00e3o em seu nome, por\u00e9m, durante vistoria mais detalhada, os militares verificaram que o documento era falso. O autor teria pago R$3 mil pelo mesmo.<\/p>\n<p>Uma guarni\u00e7\u00e3o se deslocou, ainda, at\u00e9 a resid\u00eancia do autor, no bairro J\u00f3quei Clube, na Zona Norte, onde foram localizadas outras tr\u00eas muni\u00e7\u00f5es calibre .38 intactas e id\u00eanticas as que estavam no rev\u00f3lver utilizado pelo homem.<\/p>\n<p>Diante dos fatos, o autor foi preso e conduzido \u00e0 delegacia juntamente com os materiais apreendidos.<\/p>\n","protected":false},"excerpt":{"rendered":"<p>Um homem de 32 anos foi preso ap\u00f3s amea\u00e7ar o seguran\u00e7a de uma danceteria com um rev\u00f3lver e disparar tiros em via p\u00fablica no bairro Santa Terezinha, Zona Nordeste da cidade, na noite desse domingo, 1\u00ba de julho. Conforme registro da ocorr\u00eancia na Pol\u00edcia Militar (PM), uma guarni\u00e7\u00e3o esteve no local ap\u00f3s receber den\u00fancia an\u00f4nima [&hellip;]<\/p>\n","protected":false},"author":96,"featured_media":110027,"comment_status":"closed","ping_status":"closed","sticky":false,"template":"","format":"standard","meta":{"footnotes":""},"categories":[301,439],"tags":[],"class_list":["post-110026","post","type-post","status-publish","format-standard","has-post-thumbnail","hentry","category-artigos-policiais","category-ultima-hora"],"_links":{"self":[{"href":"https:\/\/diarioregionaldigital.com.br\/index.php?rest_route=\/wp\/v2\/posts\/110026","targetHints":{"allow":["GET"]}}],"collection":[{"href":"https:\/\/diarioregionaldigital.com.br\/index.php?rest_route=\/wp\/v2\/posts"}],"about":[{"href":"https:\/\/diarioregionaldigital.com.br\/index.php?rest_route=\/wp\/v2\/types\/post"}],"author":[{"embeddable":true,"href":"https:\/\/diarioregionaldigital.com.br\/index.php?rest_route=\/wp\/v2\/users\/96"}],"replies":[{"embeddable":true,"href":"https:\/\/diarioregionaldigital.com.br\/index.php?rest_route=%2Fwp%2Fv2%2Fcomments&post=110026"}],"version-history":[{"count":0,"href":"https:\/\/diarioregionaldigital.com.br\/index.php?rest_route=\/wp\/v2\/posts\/110026\/revisions"}],"wp:featuredmedia":[{"embeddable":true,"href":"https:\/\/diarioregionaldigital.com.br\/index.php?rest_route=\/wp\/v2\/media\/110027"}],"wp:attachment":[{"href":"https:\/\/diarioregionaldigital.com.br\/index.php?rest_route=%2Fwp%2Fv2%2Fmedia&parent=110026"}],"wp:term":[{"taxonomy":"category","embeddable":true,"href":"https:\/\/diarioregionaldigital.com.br\/index.php?rest_route=%2Fwp%2Fv2%2Fcategories&post=110026"},{"taxonomy":"post_tag","embeddable":true,"href":"https:\/\/diarioregionaldigital.com.br\/index.php?rest_route=%2Fwp%2Fv2%2Ftags&post=110026"}],"curies":[{"name":"wp","href":"https:\/\/api.w.org\/{rel}","templated":true}]}}