{"id":110023,"date":"2018-07-02T09:01:41","date_gmt":"2018-07-02T12:01:41","guid":{"rendered":"http:\/\/diarioregionaljf.com.br\/?p=110023"},"modified":"2018-07-02T09:02:00","modified_gmt":"2018-07-02T12:02:00","slug":"relatorio-final-da-ldo-pode-ser-entregue-hoje-na-comissao-de-orcamento","status":"publish","type":"post","link":"https:\/\/diarioregionaldigital.com.br\/?p=110023","title":{"rendered":"Relat\u00f3rio final da LDO pode ser entregue hoje na Comiss\u00e3o de Or\u00e7amento"},"content":{"rendered":"<p>O relator do projeto da Lei de Diretrizes Or\u00e7ament\u00e1rias (LDO) de 2019, senador Dal\u00edrio Beber (PSDB-SC), deve entregar hoje, 2, \u00e0 Comiss\u00e3o Mista de Or\u00e7amento (CMO) o relat\u00f3rio final. H\u00e1 pouco mais de dez dias, foi aprovado o texto preliminar. A vota\u00e7\u00e3o do parecer final est\u00e1 prevista para quarta-feira, 4, na reuni\u00e3o da CMO.<\/p>\n<p>Pelo cronograma, a vota\u00e7\u00e3o do relat\u00f3rio final deve ocorrer no dia 10 de julho na comiss\u00e3o. O texto da LDO precisa ser votado pelos parlamentares, em sess\u00e3o do plen\u00e1rio do Congresso Nacional, at\u00e9 17 de julho.<\/p>\n<p>Caso n\u00e3o seja votado at\u00e9 essa data, pode inviabilizar o recesso parlamentar, que vai de 17 de julho a 1\u00ba de agosto. A data est\u00e1 prevista na Constitui\u00e7\u00e3o, que determina ainda que o Congresso Nacional n\u00e3o pode entrar em recesso enquanto n\u00e3o aprovar a nova LDO.<\/p>\n<p>&nbsp;<\/p>\n<p><span style=\"font-size: 12pt;\"><strong>PRELIMINAR<\/strong><\/span><\/p>\n<p>No \u00faltimo dia 19, o relat\u00f3rio preliminar continha 1.910 emendas, sendo 1.255 ao texto do projeto, 629 de inclus\u00e3o e 26 emendas de acr\u00e9scimo. O anexo da proposta da LDO foi elaborado pelo governo e apresenta as 23 a\u00e7\u00f5es priorit\u00e1rias para o pr\u00f3ximo ano em \u00e1reas como defesa, agropecu\u00e1ria, ci\u00eancia e tecnologia e educa\u00e7\u00e3o. Com as emendas, esse n\u00famero pode subir.<\/p>\n<p>O projeto prev\u00ea uma meta de d\u00e9ficit prim\u00e1rio de R$139 bilh\u00f5es para o governo federal. Para 2020 e 2021, o d\u00e9ficit previsto \u00e9 de R$110 bilh\u00f5es e R$70 bilh\u00f5es.<\/p>\n<p>De acordo com a proposta, o crescimento do Produto Interno Bruto (PIB) em 2019 \u00e9 estimado em 3%, a infla\u00e7\u00e3o medida pelo IPCA ficaria em 4,25%, enquanto a taxa b\u00e1sica de juros (Selic) e o d\u00f3lar devem encerrar o ano em 8% e R$3,50, respectivamente.<\/p>\n<p>&nbsp;<\/p>\n<p><span style=\"font-size: 12pt;\"><strong>DESPESAS<\/strong><\/span><\/p>\n<p>A proposta prev\u00ea que o governo gastar\u00e1 R$635,4 bilh\u00f5es no pr\u00f3ximo ano para pagar os benef\u00edcios do Instituto Nacional do Seguro Social (INSS), um valor que \u00e9 R$43,1 bilh\u00f5es (7,27%) maior que o previsto para 2018. O pagamento de sal\u00e1rios do funcionalismo e encargos sociais soma mais R$321,983 bilh\u00f5es.<\/p>\n<p>Outras despesas obrigat\u00f3rias est\u00e3o estimadas em R$360,122 bilh\u00f5es, segundo a LDO de 2019. Com isso, sobrariam cerca de R$99 bilh\u00f5es de recursos discricion\u00e1rios, que financiam obras e investimentos, o que representa cerca de 7% do total do Or\u00e7amento Federal estipulado para o pr\u00f3ximo ano<\/p>\n<p>&nbsp;<\/p>\n<p><span style=\"font-size: 12pt;\"><strong>SAL\u00c1RIO M\u00cdNIMO<\/strong><\/span><\/p>\n<p>Apesar da pol\u00eamica em torno da previs\u00e3o do sal\u00e1rio m\u00ednimo previsto para 2019, o valor de R$1.002 foi assegurado pelo ministro do Planejamento, Desenvolvimento e Gest\u00e3o, Esteves Colnago. Nota t\u00e9cnica da Comiss\u00e3o Mista de Or\u00e7amento diminu\u00eda a previs\u00e3o para R$998. Neste ano, o sal\u00e1rio m\u00ednimo est\u00e1 em R$954.<\/p>\n<p>&nbsp;<\/p>\n<p><strong>Fonte: Ag\u00eancia Brasil<\/strong><\/p>\n","protected":false},"excerpt":{"rendered":"<p>O relator do projeto da Lei de Diretrizes Or\u00e7ament\u00e1rias (LDO) de 2019, senador Dal\u00edrio Beber (PSDB-SC), deve entregar hoje, 2, \u00e0 Comiss\u00e3o Mista de Or\u00e7amento (CMO) o relat\u00f3rio final. H\u00e1 pouco mais de dez dias, foi aprovado o texto preliminar. A vota\u00e7\u00e3o do parecer final est\u00e1 prevista para quarta-feira, 4, na reuni\u00e3o da CMO. Pelo [&hellip;]<\/p>\n","protected":false},"author":96,"featured_media":110024,"comment_status":"closed","ping_status":"closed","sticky":false,"template":"","format":"standard","meta":{"footnotes":""},"categories":[254,439],"tags":[],"class_list":["post-110023","post","type-post","status-publish","format-standard","has-post-thumbnail","hentry","category-politica","category-ultima-hora"],"_links":{"self":[{"href":"https:\/\/diarioregionaldigital.com.br\/index.php?rest_route=\/wp\/v2\/posts\/110023","targetHints":{"allow":["GET"]}}],"collection":[{"href":"https:\/\/diarioregionaldigital.com.br\/index.php?rest_route=\/wp\/v2\/posts"}],"about":[{"href":"https:\/\/diarioregionaldigital.com.br\/index.php?rest_route=\/wp\/v2\/types\/post"}],"author":[{"embeddable":true,"href":"https:\/\/diarioregionaldigital.com.br\/index.php?rest_route=\/wp\/v2\/users\/96"}],"replies":[{"embeddable":true,"href":"https:\/\/diarioregionaldigital.com.br\/index.php?rest_route=%2Fwp%2Fv2%2Fcomments&post=110023"}],"version-history":[{"count":0,"href":"https:\/\/diarioregionaldigital.com.br\/index.php?rest_route=\/wp\/v2\/posts\/110023\/revisions"}],"wp:featuredmedia":[{"embeddable":true,"href":"https:\/\/diarioregionaldigital.com.br\/index.php?rest_route=\/wp\/v2\/media\/110024"}],"wp:attachment":[{"href":"https:\/\/diarioregionaldigital.com.br\/index.php?rest_route=%2Fwp%2Fv2%2Fmedia&parent=110023"}],"wp:term":[{"taxonomy":"category","embeddable":true,"href":"https:\/\/diarioregionaldigital.com.br\/index.php?rest_route=%2Fwp%2Fv2%2Fcategories&post=110023"},{"taxonomy":"post_tag","embeddable":true,"href":"https:\/\/diarioregionaldigital.com.br\/index.php?rest_route=%2Fwp%2Fv2%2Ftags&post=110023"}],"curies":[{"name":"wp","href":"https:\/\/api.w.org\/{rel}","templated":true}]}}