{"id":110021,"date":"2018-07-02T08:51:18","date_gmt":"2018-07-02T11:51:18","guid":{"rendered":"http:\/\/diarioregionaljf.com.br\/?p=110021"},"modified":"2018-07-02T08:51:36","modified_gmt":"2018-07-02T11:51:36","slug":"homem-e-atropelado-por-adolescente-de-moto-no-borboleta","status":"publish","type":"post","link":"https:\/\/diarioregionaldigital.com.br\/?p=110021","title":{"rendered":"Homem \u00e9 atropelado por adolescente de moto no Borboleta"},"content":{"rendered":"<p>Um homem de 59 anos teve morte cerebral ap\u00f3s ser atropelado por uma motocicleta, conduzida por um adolescente de 17 anos, no bairro Borboleta, zona Oeste, na manh\u00e3 desse domingo, 1\u00ba de julho.<\/p>\n<p>De acordo com informa\u00e7\u00f5es da Pol\u00edcia Militar (PM), a v\u00edtima transitava pela Rua Irm\u00e3o Menrado quando foi atingida pelo ve\u00edculo. O homem foi socorrido por uma ambul\u00e2ncia do SAMU e encaminhado ao Hospital de Pronto Socorro (HPS), onde foi constatada a morte cerebral. Ele foi removido para o centro cir\u00fargico da unidade.<\/p>\n<p>Ainda segundo a PM, a m\u00e3e do adolescente relatou que o filho pegou a chave da motocicleta sem autoriza\u00e7\u00e3o. Ela forneceu os documentos de licenciamento do ve\u00edculo, mas o mesmo n\u00e3o foi localizado.<\/p>\n<p>O menor foi apreendido em flagrante.<\/p>\n","protected":false},"excerpt":{"rendered":"<p>Um homem de 59 anos teve morte cerebral ap\u00f3s ser atropelado por uma motocicleta, conduzida por um adolescente de 17 anos, no bairro Borboleta, zona Oeste, na manh\u00e3 desse domingo, 1\u00ba de julho. De acordo com informa\u00e7\u00f5es da Pol\u00edcia Militar (PM), a v\u00edtima transitava pela Rua Irm\u00e3o Menrado quando foi atingida pelo ve\u00edculo. O homem [&hellip;]<\/p>\n","protected":false},"author":96,"featured_media":95836,"comment_status":"closed","ping_status":"closed","sticky":false,"template":"","format":"standard","meta":{"footnotes":""},"categories":[301,439],"tags":[],"class_list":["post-110021","post","type-post","status-publish","format-standard","has-post-thumbnail","hentry","category-artigos-policiais","category-ultima-hora"],"_links":{"self":[{"href":"https:\/\/diarioregionaldigital.com.br\/index.php?rest_route=\/wp\/v2\/posts\/110021","targetHints":{"allow":["GET"]}}],"collection":[{"href":"https:\/\/diarioregionaldigital.com.br\/index.php?rest_route=\/wp\/v2\/posts"}],"about":[{"href":"https:\/\/diarioregionaldigital.com.br\/index.php?rest_route=\/wp\/v2\/types\/post"}],"author":[{"embeddable":true,"href":"https:\/\/diarioregionaldigital.com.br\/index.php?rest_route=\/wp\/v2\/users\/96"}],"replies":[{"embeddable":true,"href":"https:\/\/diarioregionaldigital.com.br\/index.php?rest_route=%2Fwp%2Fv2%2Fcomments&post=110021"}],"version-history":[{"count":0,"href":"https:\/\/diarioregionaldigital.com.br\/index.php?rest_route=\/wp\/v2\/posts\/110021\/revisions"}],"wp:featuredmedia":[{"embeddable":true,"href":"https:\/\/diarioregionaldigital.com.br\/index.php?rest_route=\/wp\/v2\/media\/95836"}],"wp:attachment":[{"href":"https:\/\/diarioregionaldigital.com.br\/index.php?rest_route=%2Fwp%2Fv2%2Fmedia&parent=110021"}],"wp:term":[{"taxonomy":"category","embeddable":true,"href":"https:\/\/diarioregionaldigital.com.br\/index.php?rest_route=%2Fwp%2Fv2%2Fcategories&post=110021"},{"taxonomy":"post_tag","embeddable":true,"href":"https:\/\/diarioregionaldigital.com.br\/index.php?rest_route=%2Fwp%2Fv2%2Ftags&post=110021"}],"curies":[{"name":"wp","href":"https:\/\/api.w.org\/{rel}","templated":true}]}}