{"id":110019,"date":"2018-07-02T08:33:50","date_gmt":"2018-07-02T11:33:50","guid":{"rendered":"http:\/\/diarioregionaljf.com.br\/?p=110019"},"modified":"2018-07-02T08:34:10","modified_gmt":"2018-07-02T11:34:10","slug":"ladrao-se-esconde-e-espera-fim-de-expediente-para-roubar-loja-de-departamento","status":"publish","type":"post","link":"https:\/\/diarioregionaldigital.com.br\/?p=110019","title":{"rendered":"Ladr\u00e3o se esconde e espera fim de expediente para roubar loja de departamento"},"content":{"rendered":"<p>Um assaltante se escondeu no interior de uma loja de departamento, localizada em um shopping na Zona Sul de Juiz de Fora, e aguardou o t\u00e9rmino do expediente para furtar diversos produtos. O crime foi registrado na Pol\u00edcia Militar (PM) na manh\u00e3 desse domingo, 1\u00ba de julho.<\/p>\n<p>De acordo com a ocorr\u00eancia, uma funcion\u00e1ria do estabelecimento chegou para trabalhar e se deparou com o balc\u00e3o revirado. Ao fazer a confer\u00eancia dos produtos, constatou-se que foram roubados 43 aparelhos celulares e 37 rel\u00f3gios de pulso.<\/p>\n<p>A a\u00e7\u00e3o foi flagrada pelas c\u00e2meras de seguran\u00e7a da loja. Ap\u00f3s o crime, o autor saiu do local acionando o bot\u00e3o de abertura da portas.<\/p>\n","protected":false},"excerpt":{"rendered":"<p>Um assaltante se escondeu no interior de uma loja de departamento, localizada em um shopping na Zona Sul de Juiz de Fora, e aguardou o t\u00e9rmino do expediente para furtar diversos produtos. O crime foi registrado na Pol\u00edcia Militar (PM) na manh\u00e3 desse domingo, 1\u00ba de julho. De acordo com a ocorr\u00eancia, uma funcion\u00e1ria do [&hellip;]<\/p>\n","protected":false},"author":96,"featured_media":95836,"comment_status":"closed","ping_status":"closed","sticky":false,"template":"","format":"standard","meta":{"footnotes":""},"categories":[301,439],"tags":[],"class_list":["post-110019","post","type-post","status-publish","format-standard","has-post-thumbnail","hentry","category-artigos-policiais","category-ultima-hora"],"_links":{"self":[{"href":"https:\/\/diarioregionaldigital.com.br\/index.php?rest_route=\/wp\/v2\/posts\/110019","targetHints":{"allow":["GET"]}}],"collection":[{"href":"https:\/\/diarioregionaldigital.com.br\/index.php?rest_route=\/wp\/v2\/posts"}],"about":[{"href":"https:\/\/diarioregionaldigital.com.br\/index.php?rest_route=\/wp\/v2\/types\/post"}],"author":[{"embeddable":true,"href":"https:\/\/diarioregionaldigital.com.br\/index.php?rest_route=\/wp\/v2\/users\/96"}],"replies":[{"embeddable":true,"href":"https:\/\/diarioregionaldigital.com.br\/index.php?rest_route=%2Fwp%2Fv2%2Fcomments&post=110019"}],"version-history":[{"count":0,"href":"https:\/\/diarioregionaldigital.com.br\/index.php?rest_route=\/wp\/v2\/posts\/110019\/revisions"}],"wp:featuredmedia":[{"embeddable":true,"href":"https:\/\/diarioregionaldigital.com.br\/index.php?rest_route=\/wp\/v2\/media\/95836"}],"wp:attachment":[{"href":"https:\/\/diarioregionaldigital.com.br\/index.php?rest_route=%2Fwp%2Fv2%2Fmedia&parent=110019"}],"wp:term":[{"taxonomy":"category","embeddable":true,"href":"https:\/\/diarioregionaldigital.com.br\/index.php?rest_route=%2Fwp%2Fv2%2Fcategories&post=110019"},{"taxonomy":"post_tag","embeddable":true,"href":"https:\/\/diarioregionaldigital.com.br\/index.php?rest_route=%2Fwp%2Fv2%2Ftags&post=110019"}],"curies":[{"name":"wp","href":"https:\/\/api.w.org\/{rel}","templated":true}]}}