{"id":109996,"date":"2018-06-30T11:34:52","date_gmt":"2018-06-30T14:34:52","guid":{"rendered":"http:\/\/diarioregionaljf.com.br\/?p=109996"},"modified":"2018-06-30T11:34:52","modified_gmt":"2018-06-30T14:34:52","slug":"settra-altera-transito-na-regiao-do-mariano-procopio-e-sao-pedro-para-eventos-esportivos","status":"publish","type":"post","link":"https:\/\/diarioregionaldigital.com.br\/?p=109996","title":{"rendered":"Settra altera tr\u00e2nsito na regi\u00e3o do Mariano Proc\u00f3pio e S\u00e3o Pedro para eventos esportivos"},"content":{"rendered":"<p>Neste domingo, 1\u00ba de julho, a Secretaria de Transporte e Tr\u00e2nsito (Settra) da Prefeitura de Juiz de Fora (PJF) realizar\u00e1 interven\u00e7\u00f5es em vias do bairro Mariano Proc\u00f3pio e regi\u00e3o e modificar\u00e1 o trajeto de linhas do transporte coletivo, para realiza\u00e7\u00e3o da \u201c7\u00aa Meia Maratona de Juiz de Fora\u201d. Tamb\u00e9m ser\u00e3o feitas altera\u00e7\u00f5es em S\u00e3o Pedro, para o &#8220;Passeio Cicl\u00edstico em Honra a S\u00e3o Pedro&#8221;<\/p>\n<p>A partir das 4h haver\u00e1 interdi\u00e7\u00e3o total na margem direita da Avenida Brasil, entre as ruas Tereza Cristina e Oscar Surerus, na Travessa Nestor Vaz de Magalh\u00e3es e na Avenida Garcia Rodrigues Paes (Acesso Norte), entre o Viaduto Ramirez Mozzato Gonzalez e trevo de acesso ao bairro Ara\u00fajo (ficando o trevo liberado para o tr\u00e2nsito). Os ve\u00edculos no sentido zona norte\/Centro dever\u00e3o circular pelas ruas Henrique Burnier, Tereza Cristina, Coronel Vidal e Mariano Proc\u00f3pio. A previs\u00e3o \u00e9 de que haja libera\u00e7\u00e3o para circula\u00e7\u00e3o a partir das 14h.<\/p>\n<p>A largada ser\u00e1 \u00e0s 8h, e, no trajeto de 21 quil\u00f4metros, os participantes seguir\u00e3o pela Avenida Brasil (margem direita), Ponte do Manoel Hon\u00f3rio, Avenida Brasil (margem esquerda), Ponte Domingos Alves Pereira e avenidas Brasil e Garcia Rodrigues Paes, retornando na Ind\u00fastria de Material B\u00e9lico do Brasil (Imbel), Avenida Garcia Rodrigues Paes, ruas Coronel Vidal e Henrique Burnier e Avenida Brasil, at\u00e9 o Clube Dom Pedro II.<\/p>\n<p>A corrida de dez quil\u00f4metros ser\u00e1 pelo mesmo percurso, mas com retorno no Supermercado Makro. A caminhada de tr\u00eas quil\u00f4metros ter\u00e1 o seguinte trajeto: Avenida Brasil (margem direita), Ponte do Manoel Hon\u00f3rio, Avenida Brasil (margem esquerda), retornando na Ponte Domingos Alves Pereira e Avenida Brasil (margem direita), at\u00e9 o Clube Dom Pedro II.<\/p>\n<p><b>Transporte coletivo<\/b><\/p>\n<p>Devido \u00e0s interdi\u00e7\u00f5es, os trajetos das linhas que passam pela regi\u00e3o ser\u00e3o temporariamente modificados. As altera\u00e7\u00f5es podem ser conferidas <a href=\"https:\/\/www.pjf.mg.gov.br\/noticias\/anexo\/settra_altera_transito_meia_maratona.pdf\">em anexo<\/a>.<\/p>\n<p><b>Passeio cicl\u00edstico<\/b><\/p>\n<p>Ser\u00e1 feita interdi\u00e7\u00e3o parcial no trajeto do evento a partir das 8h: ruas Jos\u00e9 Louren\u00e7o, Roberto Stiegert, Avenida Manoel Vaz de Magalh\u00e3es, Alameda Santo Ant\u00f4nio e passarela de travessia da BR-040 (Expominas), seguindo pela estrada rural JF-270, retornando pelo mesmo trajeto.<\/p>\n<p>&nbsp;<\/p>\n<p>Fonte: Assessoria<\/p>\n","protected":false},"excerpt":{"rendered":"<p>Neste domingo, 1\u00ba de julho, a Secretaria de Transporte e Tr\u00e2nsito (Settra) da Prefeitura de Juiz de Fora (PJF) realizar\u00e1 interven\u00e7\u00f5es em vias do bairro Mariano Proc\u00f3pio e regi\u00e3o e modificar\u00e1 o trajeto de linhas do transporte coletivo, para realiza\u00e7\u00e3o da \u201c7\u00aa Meia Maratona de Juiz de Fora\u201d. Tamb\u00e9m ser\u00e3o feitas altera\u00e7\u00f5es em S\u00e3o Pedro, [&hellip;]<\/p>\n","protected":false},"author":96,"featured_media":105098,"comment_status":"closed","ping_status":"closed","sticky":false,"template":"","format":"standard","meta":{"footnotes":""},"categories":[253,439],"tags":[],"class_list":["post-109996","post","type-post","status-publish","format-standard","has-post-thumbnail","hentry","category-cidade","category-ultima-hora"],"_links":{"self":[{"href":"https:\/\/diarioregionaldigital.com.br\/index.php?rest_route=\/wp\/v2\/posts\/109996","targetHints":{"allow":["GET"]}}],"collection":[{"href":"https:\/\/diarioregionaldigital.com.br\/index.php?rest_route=\/wp\/v2\/posts"}],"about":[{"href":"https:\/\/diarioregionaldigital.com.br\/index.php?rest_route=\/wp\/v2\/types\/post"}],"author":[{"embeddable":true,"href":"https:\/\/diarioregionaldigital.com.br\/index.php?rest_route=\/wp\/v2\/users\/96"}],"replies":[{"embeddable":true,"href":"https:\/\/diarioregionaldigital.com.br\/index.php?rest_route=%2Fwp%2Fv2%2Fcomments&post=109996"}],"version-history":[{"count":0,"href":"https:\/\/diarioregionaldigital.com.br\/index.php?rest_route=\/wp\/v2\/posts\/109996\/revisions"}],"wp:featuredmedia":[{"embeddable":true,"href":"https:\/\/diarioregionaldigital.com.br\/index.php?rest_route=\/wp\/v2\/media\/105098"}],"wp:attachment":[{"href":"https:\/\/diarioregionaldigital.com.br\/index.php?rest_route=%2Fwp%2Fv2%2Fmedia&parent=109996"}],"wp:term":[{"taxonomy":"category","embeddable":true,"href":"https:\/\/diarioregionaldigital.com.br\/index.php?rest_route=%2Fwp%2Fv2%2Fcategories&post=109996"},{"taxonomy":"post_tag","embeddable":true,"href":"https:\/\/diarioregionaldigital.com.br\/index.php?rest_route=%2Fwp%2Fv2%2Ftags&post=109996"}],"curies":[{"name":"wp","href":"https:\/\/api.w.org\/{rel}","templated":true}]}}