{"id":109929,"date":"2018-07-01T06:00:59","date_gmt":"2018-07-01T09:00:59","guid":{"rendered":"http:\/\/diarioregionaljf.com.br\/?p=109929"},"modified":"2018-08-13T20:25:51","modified_gmt":"2018-08-13T23:25:51","slug":"prefeitura-municipal-de-tocantins-licitacao-063-01-07-18","status":"publish","type":"post","link":"https:\/\/diarioregionaldigital.com.br\/?p=109929","title":{"rendered":"Prefeitura Municipal de Tocantins &#8211; Licita\u00e7\u00e3o 063 01\/07\/18"},"content":{"rendered":"<p style=\"text-align: center;\"><strong>AVISO DE LICITA\u00c7\u00c3O<\/strong><\/p>\n<p style=\"text-align: center;\"><strong>Licita\u00e7\u00e3o n\u00b0 063\/2018<\/strong><\/p>\n<p style=\"text-align: center;\"><strong>Modalidade de Preg\u00e3o Presencial n\u00b0 048\/2018<\/strong><\/p>\n<p style=\"text-align: center;\">O Munic\u00edpio de TOCANTINS, na forma da lei, faz saber a todos os interessados que far\u00e1 licita\u00e7\u00e3o na modalidade de preg\u00e3o presencial para contrata\u00e7\u00e3o de empresa especializada para realiza\u00e7\u00e3o do evento denominado \u201cFesta do Tocantinense Ausente\u201d que dever\u00e1 acontecer entre os dias 26 a 29 de julho deste ano de 2018, realizar\u00e1 o preg\u00e3o no dia 12\/07\/2018 as 13:30 horas na sala da comiss\u00e3o de licita\u00e7\u00e3o, localizada na Av. Padre Mac\u00e1rio, n\u00b0 129, bairro Centro, munic\u00edpio de TOCANTINS. O edital completo encontra-se a disposi\u00e7\u00e3o dos interessados no endere\u00e7o citado anteriormente, no hor\u00e1rio de expediente de 08:00 \u00e0s 11:00 e de 13:00 as 16:00 hrs. TOCANTINS, 29 de junho de 2018.<\/p>\n<p style=\"text-align: center;\"><strong>\u00a0JANSEN PASCHOALINO ROCHA &#8211; PREGOEIRO<\/strong><\/p>\n","protected":false},"excerpt":{"rendered":"<p>AVISO DE LICITA\u00c7\u00c3O Licita\u00e7\u00e3o n\u00b0 063\/2018 Modalidade de Preg\u00e3o Presencial n\u00b0 048\/2018 O Munic\u00edpio de TOCANTINS, na forma da lei, faz saber a todos os interessados que far\u00e1 licita\u00e7\u00e3o na modalidade de preg\u00e3o presencial para contrata\u00e7\u00e3o de empresa especializada para realiza\u00e7\u00e3o do evento denominado \u201cFesta do Tocantinense Ausente\u201d que dever\u00e1 acontecer entre os dias 26 [&hellip;]<\/p>\n","protected":false},"author":96,"featured_media":0,"comment_status":"closed","ping_status":"closed","sticky":false,"template":"","format":"standard","meta":{"footnotes":""},"categories":[307],"tags":[],"class_list":["post-109929","post","type-post","status-publish","format-standard","hentry","category-editais"],"_links":{"self":[{"href":"https:\/\/diarioregionaldigital.com.br\/index.php?rest_route=\/wp\/v2\/posts\/109929","targetHints":{"allow":["GET"]}}],"collection":[{"href":"https:\/\/diarioregionaldigital.com.br\/index.php?rest_route=\/wp\/v2\/posts"}],"about":[{"href":"https:\/\/diarioregionaldigital.com.br\/index.php?rest_route=\/wp\/v2\/types\/post"}],"author":[{"embeddable":true,"href":"https:\/\/diarioregionaldigital.com.br\/index.php?rest_route=\/wp\/v2\/users\/96"}],"replies":[{"embeddable":true,"href":"https:\/\/diarioregionaldigital.com.br\/index.php?rest_route=%2Fwp%2Fv2%2Fcomments&post=109929"}],"version-history":[{"count":0,"href":"https:\/\/diarioregionaldigital.com.br\/index.php?rest_route=\/wp\/v2\/posts\/109929\/revisions"}],"wp:attachment":[{"href":"https:\/\/diarioregionaldigital.com.br\/index.php?rest_route=%2Fwp%2Fv2%2Fmedia&parent=109929"}],"wp:term":[{"taxonomy":"category","embeddable":true,"href":"https:\/\/diarioregionaldigital.com.br\/index.php?rest_route=%2Fwp%2Fv2%2Fcategories&post=109929"},{"taxonomy":"post_tag","embeddable":true,"href":"https:\/\/diarioregionaldigital.com.br\/index.php?rest_route=%2Fwp%2Fv2%2Ftags&post=109929"}],"curies":[{"name":"wp","href":"https:\/\/api.w.org\/{rel}","templated":true}]}}