{"id":109921,"date":"2018-07-01T06:00:30","date_gmt":"2018-07-01T09:00:30","guid":{"rendered":"http:\/\/diarioregionaljf.com.br\/?p=109921"},"modified":"2018-06-29T19:56:20","modified_gmt":"2018-06-29T22:56:20","slug":"aos-jovens-que-querem-tornar-se-verdadeiramente-fortes-2","status":"publish","type":"post","link":"https:\/\/diarioregionaldigital.com.br\/?p=109921","title":{"rendered":"Aos Jovens Que Querem Tornar-Se Verdadeiramente Fortes"},"content":{"rendered":"<p style=\"text-align: center;\"><span style=\"font-size: 12pt;\"><strong>Aos Jovens Que Querem Tornar-Se Verdadeiramente Fortes <\/strong><\/span><\/p>\n<p style=\"text-align: center;\">\u00c9 realmente lament\u00e1vel que muitos jovens, desde o ponto de partida de sua jornada da vida, estejam tomando a dire\u00e7\u00e3o errada, a do fracasso e da derrota. Est\u00e1 lhes faltando a firmeza de esp\u00edrito para vencer as tenta\u00e7\u00f5es. Devido a um conceito primitivo segundo o qual o corpo carnal \u00e9 o pr\u00f3prio ser humano, n\u00e3o conseguem conscientizar que seu corpo f\u00edsico n\u00e3o passa de uma cavalgadura que eles pr\u00f3prios devem guiar; consequentemente, deixam-se arrastar por instintos animalescos e acabam por se distanciar da natureza espiritual do aut\u00eantico ser humano.<br \/>\nA maioria desses jovens n\u00e3o ouve os reclamos do maravilhoso e sublime esp\u00edrito e sucumbe a todas as tenta\u00e7\u00f5es f\u00edsicas e materiais, sem nenhuma resist\u00eancia. Com o fito de enriquecer rapidamente, decai no rnercenarismo que nada tem a ver com a eleva\u00e7\u00e3o espiritual, e n\u00e3o se envergonha disso; ou ent\u00e3o deixa-se viciar por tudo quanto \u00e9 jogo de azar e n\u00e3o obt\u00e9m coisa alguma al\u00e9m da degrada\u00e7\u00e3o de seu pr\u00f3prio car\u00e1ter. \u00c9 realmente lastim\u00e1vel. Esses jovens n\u00e3o t\u00eam personalidade firme e independente, nem vontade pr\u00f3pria para manter a dignidade.<br \/>\nTanto os prazeres f\u00edsicos como a abund\u00e2ncia material n\u00e3o s\u00e3o, em absoluto, algo que deva ser rejeitado, contanto que venham por si mesmos como reflexo da alegria da alma, ou venham atra\u00eddos pela riqueza do pr\u00f3prio esp\u00edrito. Por\u00e9m, na maioria das vezes, o prazer e a riqueza n\u00e3o passam de \u201cmensageiros do inferno\u201d extre-mamente astutos, os quais, disfar\u00e7ados com belas m\u00e1scaras, atraem a alma humana para o \u201cinferno\u201d. Empregando um termo que os expresse de forma personificada, podemos cham\u00e1-los \u201cSatan\u00e1s\u201d. Eles seduzem os homens com doces palavras, prometendo-lhes toda a gl\u00f3ria do mundo. Mas, na verdade, essa gl\u00f3ria n\u00e3o passa de miragem. E assim, a sedu\u00e7\u00e3o pela miragem e a posterior desilus\u00e3o fazem com que muitas pessoas despenquem para o degenerado mundo das drogas. Somente aqueles que t\u00eam esp\u00edrito forte e firme s\u00e3o capazes de vencer as tenta\u00e7\u00f5es, repetindo as mesmas palavras ditas por Jesus Cristo:<br \/>\n\u201cRetira-te, Satan\u00e1s, porque est\u00e1 escrito: ao Senhor teu Deus adorar\u00e1s, e s\u00f3 a ele dar\u00e1s culto\u201d.<br \/>\nO \u201cSenhor teu Deus\u201d \u00e9 a natureza divina aut\u00f4noma e independente que existe dentro de todo ser humano, constituindo o seu verdadeiro Eu. Somente as pessoas leais ao seu verdadeiro Eu s\u00e3o realmente fortes. Aqueles que sucumbem aos desejos do corpo e, tornando-se seus escravos, vivem a perseguir os prazeres e a opul\u00eancia s\u00e3o pessoas fracas.<br \/>\nJovens, n\u00e3o sejam fracos. Sejam verdadeiramente fortes!<\/p>\n","protected":false},"excerpt":{"rendered":"<p>Aos Jovens Que Querem Tornar-Se Verdadeiramente Fortes \u00c9 realmente lament\u00e1vel que muitos jovens, desde o ponto de partida de sua jornada da vida, estejam tomando a dire\u00e7\u00e3o errada, a do fracasso e da derrota. Est\u00e1 lhes faltando a firmeza de esp\u00edrito para vencer as tenta\u00e7\u00f5es. Devido a um conceito primitivo segundo o qual o corpo [&hellip;]<\/p>\n","protected":false},"author":96,"featured_media":0,"comment_status":"closed","ping_status":"closed","sticky":false,"template":"","format":"standard","meta":{"footnotes":""},"categories":[263],"tags":[],"class_list":["post-109921","post","type-post","status-publish","format-standard","hentry","category-jane-aragao"],"_links":{"self":[{"href":"https:\/\/diarioregionaldigital.com.br\/index.php?rest_route=\/wp\/v2\/posts\/109921","targetHints":{"allow":["GET"]}}],"collection":[{"href":"https:\/\/diarioregionaldigital.com.br\/index.php?rest_route=\/wp\/v2\/posts"}],"about":[{"href":"https:\/\/diarioregionaldigital.com.br\/index.php?rest_route=\/wp\/v2\/types\/post"}],"author":[{"embeddable":true,"href":"https:\/\/diarioregionaldigital.com.br\/index.php?rest_route=\/wp\/v2\/users\/96"}],"replies":[{"embeddable":true,"href":"https:\/\/diarioregionaldigital.com.br\/index.php?rest_route=%2Fwp%2Fv2%2Fcomments&post=109921"}],"version-history":[{"count":0,"href":"https:\/\/diarioregionaldigital.com.br\/index.php?rest_route=\/wp\/v2\/posts\/109921\/revisions"}],"wp:attachment":[{"href":"https:\/\/diarioregionaldigital.com.br\/index.php?rest_route=%2Fwp%2Fv2%2Fmedia&parent=109921"}],"wp:term":[{"taxonomy":"category","embeddable":true,"href":"https:\/\/diarioregionaldigital.com.br\/index.php?rest_route=%2Fwp%2Fv2%2Fcategories&post=109921"},{"taxonomy":"post_tag","embeddable":true,"href":"https:\/\/diarioregionaldigital.com.br\/index.php?rest_route=%2Fwp%2Fv2%2Ftags&post=109921"}],"curies":[{"name":"wp","href":"https:\/\/api.w.org\/{rel}","templated":true}]}}