{"id":109918,"date":"2018-07-01T06:00:09","date_gmt":"2018-07-01T09:00:09","guid":{"rendered":"http:\/\/diarioregionaljf.com.br\/?p=109918"},"modified":"2018-06-29T22:33:31","modified_gmt":"2018-06-30T01:33:31","slug":"moda-show","status":"publish","type":"post","link":"https:\/\/diarioregionaldigital.com.br\/?p=109918","title":{"rendered":"Moda Show"},"content":{"rendered":"<p style=\"text-align: center;\"><strong>Sonora <\/strong><\/p>\n<p style=\"text-align: center;\">Os alunos do curso de M\u00fasica da UFJF usaram o audit\u00f3rio Geraldo Pereira, no Instituto de Artes &amp; Design (IAD) da Federal para um show com trechos da \u00d3pera do Malandro. A convite deles, o cantor e ator Alexandre Pereira aceitou o desafio e interpretou a personagem Geni e foi muito aplaudido.<\/p>\n<p style=\"text-align: center;\"><strong>Novidade<\/strong><\/p>\n<p style=\"text-align: center;\">O presidente da Uni\u00e3o Nacional de Agentes de Lideran\u00e7as Comunit\u00e1rias e Sociais (Unalcs), Jonathan Gigamesh, junto com o especialista em Seguran\u00e7a P\u00fablica Tiago Ribeiro e o s\u00f3cio propriet\u00e1rio da WF Consultoria Empresarial, Wellington Bernardelli, promove no dia 14 de julho, com dura\u00e7\u00e3o de 7 horas, o IV Encontro do Projeto Capacitando L\u00edderes. Ser\u00e1 no Audit\u00f3rio do Centro de Vigil\u00e2ncia em Sa\u00fade, na Av. dos Andradas, n\u00ba 475.<\/p>\n<p style=\"text-align: center;\"><strong>Dim \u2013 Dim<\/strong><\/p>\n<p style=\"text-align: center;\">Voc\u00ea sabia? Uma das primeiras miss\u00f5es importantes de Pedro Parente \u00e0 frente da BRF ser\u00e1 decidir se a empresa far\u00e1 um aumento de capital de R$ 4 bilh\u00f5es.<\/p>\n<p style=\"text-align: center;\"><strong>Bombom<\/strong><\/p>\n<p style=\"text-align: center;\">N\u00e3o ser\u00e1 agora, como estava acordado, o ato final da enrolada compra da Garoto pela Nestl\u00e9, uma opera\u00e7\u00e3o que j\u00e1 completou 16 anos sem a aprova\u00e7\u00e3o final do Cade. Em outubro, a Nestl\u00e9 pediu ao Cade um novo prazo para vender as 15 marcas de que est\u00e1 sendo obrigada a se desfazer para concluir a aquisi\u00e7\u00e3o da Garoto. O prazo acabou na sexta-feira, 29, mas nada foi vendido. Ao que tudo indica, Nestl\u00e9 e Cade voltar\u00e3o \u00e0 mesa de negocia\u00e7\u00f5es.<\/p>\n<p style=\"text-align: center;\"><strong>Moda Show<\/strong><\/p>\n<p style=\"text-align: center;\">Os empres\u00e1rios M\u00e1rcio Marques e Ricardo Alex Souza recebem para coquetel no dia 7 de julho, para inaugura\u00e7\u00e3o no Braz Shopping de mais uma loja M. Marques, no 1\u00ba piso. A loja com linha masculina aposta em pe\u00e7as de alfaiataria com trajes esportivos para acertar no estilo casual chic surpreender sem perder a sofistica\u00e7\u00e3o.<\/p>\n<p style=\"text-align: center;\"><strong>Exposi\u00e7\u00e3o<\/strong><\/p>\n<p style=\"text-align: center;\">O talentoso artista pl\u00e1stico Iri\u00ea Salom\u00e3o de Campos comemorou com arte seu anivers\u00e1rio na cidade de Tiradentes. Na Pra\u00e7a das Merc\u00eas, ele abriu a exposi\u00e7\u00e3o \u201cDa minha janela\u201d, com quadros e nanquim sobre aquarela, a partir de suas observa\u00e7\u00f5es sobre o cotidiano. Nota dez.<\/p>\n<div id=\"attachment_109901\" style=\"width: 690px\" class=\"wp-caption aligncenter\"><img loading=\"lazy\" decoding=\"async\" aria-describedby=\"caption-attachment-109901\" class=\"wp-image-109901\" src=\"http:\/\/diarioregionaljf.com.br\/wp-content\/uploads\/2018\/06\/fotoj-17-e1530303523140.jpg\" alt=\"\" width=\"680\" height=\"568\" srcset=\"https:\/\/diarioregionaldigital.com.br\/wp-content\/uploads\/2018\/06\/fotoj-17-e1530303523140.jpg 540w, https:\/\/diarioregionaldigital.com.br\/wp-content\/uploads\/2018\/06\/fotoj-17-e1530303523140-300x251.jpg 300w, https:\/\/diarioregionaldigital.com.br\/wp-content\/uploads\/2018\/06\/fotoj-17-e1530303523140-360x301.jpg 360w\" sizes=\"auto, (max-width: 680px) 100vw, 680px\" \/><p id=\"caption-attachment-109901\" class=\"wp-caption-text\">Da nova gera\u00e7\u00e3o sa\u00fade de Juiz de Fora, Edu Taroco faz estilo para esta coluna<\/p><\/div>\n<div id=\"attachment_109892\" style=\"width: 690px\" class=\"wp-caption aligncenter\"><img loading=\"lazy\" decoding=\"async\" aria-describedby=\"caption-attachment-109892\" class=\"wp-image-109892\" src=\"http:\/\/diarioregionaljf.com.br\/wp-content\/uploads\/2018\/06\/fotoa-16.jpg\" alt=\"\" width=\"680\" height=\"453\" srcset=\"https:\/\/diarioregionaldigital.com.br\/wp-content\/uploads\/2018\/06\/fotoa-16.jpg 960w, https:\/\/diarioregionaldigital.com.br\/wp-content\/uploads\/2018\/06\/fotoa-16-300x200.jpg 300w, https:\/\/diarioregionaldigital.com.br\/wp-content\/uploads\/2018\/06\/fotoa-16-768x511.jpg 768w, https:\/\/diarioregionaldigital.com.br\/wp-content\/uploads\/2018\/06\/fotoa-16-360x240.jpg 360w\" sizes=\"auto, (max-width: 680px) 100vw, 680px\" \/><p id=\"caption-attachment-109892\" class=\"wp-caption-text\">Gloriosa em sua Est\u00e2ncia Dom Vi\u00e7oso, a elegante Francele Galil<\/p><\/div>\n<div id=\"attachment_109894\" style=\"width: 690px\" class=\"wp-caption aligncenter\"><img loading=\"lazy\" decoding=\"async\" aria-describedby=\"caption-attachment-109894\" class=\"wp-image-109894\" src=\"http:\/\/diarioregionaljf.com.br\/wp-content\/uploads\/2018\/06\/fotob-18.jpg\" alt=\"\" width=\"680\" height=\"452\" srcset=\"https:\/\/diarioregionaldigital.com.br\/wp-content\/uploads\/2018\/06\/fotob-18.jpg 800w, https:\/\/diarioregionaldigital.com.br\/wp-content\/uploads\/2018\/06\/fotob-18-300x200.jpg 300w, https:\/\/diarioregionaldigital.com.br\/wp-content\/uploads\/2018\/06\/fotob-18-768x511.jpg 768w, https:\/\/diarioregionaldigital.com.br\/wp-content\/uploads\/2018\/06\/fotob-18-360x239.jpg 360w\" sizes=\"auto, (max-width: 680px) 100vw, 680px\" \/><p id=\"caption-attachment-109894\" class=\"wp-caption-text\">Gente que \u00e9 gente na orla ao lado do Theatro Central, Chiquinho Cheiroso, Vivi Gouv\u00eaa, Cel Marcelo Britto, Delma Villete e Marc\u00edlio Gomes<\/p><\/div>\n<div id=\"attachment_109904\" style=\"width: 690px\" class=\"wp-caption aligncenter\"><img loading=\"lazy\" decoding=\"async\" aria-describedby=\"caption-attachment-109904\" class=\"wp-image-109904\" src=\"http:\/\/diarioregionaljf.com.br\/wp-content\/uploads\/2018\/06\/fotoc-15.jpg\" alt=\"\" width=\"680\" height=\"495\" srcset=\"https:\/\/diarioregionaldigital.com.br\/wp-content\/uploads\/2018\/06\/fotoc-15.jpg 2764w, https:\/\/diarioregionaldigital.com.br\/wp-content\/uploads\/2018\/06\/fotoc-15-300x218.jpg 300w, https:\/\/diarioregionaldigital.com.br\/wp-content\/uploads\/2018\/06\/fotoc-15-768x559.jpg 768w, https:\/\/diarioregionaldigital.com.br\/wp-content\/uploads\/2018\/06\/fotoc-15-1024x745.jpg 1024w, https:\/\/diarioregionaldigital.com.br\/wp-content\/uploads\/2018\/06\/fotoc-15-360x262.jpg 360w\" sizes=\"auto, (max-width: 680px) 100vw, 680px\" \/><p id=\"caption-attachment-109904\" class=\"wp-caption-text\">A promotora \u00c2ngela Gravina homenageada com o t\u00edtulo de Cidad\u00e3 Benem\u00e9rita de Juiz de Fora, pelo vereador Kennedy<\/p><\/div>\n<div id=\"attachment_109917\" style=\"width: 690px\" class=\"wp-caption aligncenter\"><img loading=\"lazy\" decoding=\"async\" aria-describedby=\"caption-attachment-109917\" class=\"wp-image-109917\" src=\"http:\/\/diarioregionaljf.com.br\/wp-content\/uploads\/2018\/06\/fotoaa-16-e1530303968898.jpg\" alt=\"\" width=\"680\" height=\"510\" srcset=\"https:\/\/diarioregionaldigital.com.br\/wp-content\/uploads\/2018\/06\/fotoaa-16-e1530303968898.jpg 960w, https:\/\/diarioregionaldigital.com.br\/wp-content\/uploads\/2018\/06\/fotoaa-16-e1530303968898-300x225.jpg 300w, https:\/\/diarioregionaldigital.com.br\/wp-content\/uploads\/2018\/06\/fotoaa-16-e1530303968898-768x576.jpg 768w, https:\/\/diarioregionaldigital.com.br\/wp-content\/uploads\/2018\/06\/fotoaa-16-e1530303968898-360x270.jpg 360w\" sizes=\"auto, (max-width: 680px) 100vw, 680px\" \/><p id=\"caption-attachment-109917\" class=\"wp-caption-text\">Em Uberaba (MG) durante evento de educa\u00e7\u00e3o Carlos Henrique Guedes Reis, Carlos Henrique Paix\u00e3o e Rafael Reis<\/p><\/div>\n<div id=\"attachment_109897\" style=\"width: 690px\" class=\"wp-caption aligncenter\"><img loading=\"lazy\" decoding=\"async\" aria-describedby=\"caption-attachment-109897\" class=\"wp-image-109897\" src=\"http:\/\/diarioregionaljf.com.br\/wp-content\/uploads\/2018\/06\/fotoe-15.jpg\" alt=\"\" width=\"680\" height=\"510\" srcset=\"https:\/\/diarioregionaldigital.com.br\/wp-content\/uploads\/2018\/06\/fotoe-15.jpg 960w, https:\/\/diarioregionaldigital.com.br\/wp-content\/uploads\/2018\/06\/fotoe-15-300x225.jpg 300w, https:\/\/diarioregionaldigital.com.br\/wp-content\/uploads\/2018\/06\/fotoe-15-768x576.jpg 768w, https:\/\/diarioregionaldigital.com.br\/wp-content\/uploads\/2018\/06\/fotoe-15-360x270.jpg 360w\" sizes=\"auto, (max-width: 680px) 100vw, 680px\" \/><p id=\"caption-attachment-109897\" class=\"wp-caption-text\">Em festa Junina em Ch\u00e1cara, os caipiras Jo\u00e3o Batista, Luzia Pereira, D\u00e9bora Gonzalez e Felipe Nogueira<\/p><\/div>\n<div id=\"attachment_109898\" style=\"width: 690px\" class=\"wp-caption aligncenter\"><img loading=\"lazy\" decoding=\"async\" aria-describedby=\"caption-attachment-109898\" class=\"wp-image-109898\" src=\"http:\/\/diarioregionaljf.com.br\/wp-content\/uploads\/2018\/06\/fotog-17.jpg\" alt=\"\" width=\"680\" height=\"510\" srcset=\"https:\/\/diarioregionaldigital.com.br\/wp-content\/uploads\/2018\/06\/fotog-17.jpg 960w, https:\/\/diarioregionaldigital.com.br\/wp-content\/uploads\/2018\/06\/fotog-17-300x225.jpg 300w, https:\/\/diarioregionaldigital.com.br\/wp-content\/uploads\/2018\/06\/fotog-17-768x576.jpg 768w, https:\/\/diarioregionaldigital.com.br\/wp-content\/uploads\/2018\/06\/fotog-17-360x270.jpg 360w\" sizes=\"auto, (max-width: 680px) 100vw, 680px\" \/><p id=\"caption-attachment-109898\" class=\"wp-caption-text\">No evento Tudo Lindo na Casa K, o coiffeur Paulinho Honoratto e a diva B\u00e1rbara Moreira<\/p><\/div>\n<div id=\"attachment_109899\" style=\"width: 690px\" class=\"wp-caption aligncenter\"><img loading=\"lazy\" decoding=\"async\" aria-describedby=\"caption-attachment-109899\" class=\"wp-image-109899\" src=\"http:\/\/diarioregionaljf.com.br\/wp-content\/uploads\/2018\/06\/fotoh-15.jpg\" alt=\"\" width=\"680\" height=\"510\" srcset=\"https:\/\/diarioregionaldigital.com.br\/wp-content\/uploads\/2018\/06\/fotoh-15.jpg 960w, https:\/\/diarioregionaldigital.com.br\/wp-content\/uploads\/2018\/06\/fotoh-15-300x225.jpg 300w, https:\/\/diarioregionaldigital.com.br\/wp-content\/uploads\/2018\/06\/fotoh-15-768x576.jpg 768w, https:\/\/diarioregionaldigital.com.br\/wp-content\/uploads\/2018\/06\/fotoh-15-360x270.jpg 360w\" sizes=\"auto, (max-width: 680px) 100vw, 680px\" \/><p id=\"caption-attachment-109899\" class=\"wp-caption-text\">No novo Sal\u00e3o PH Hair, na Galeria Pio X, 2\u00ba Piso, os incr\u00edveis, Simone Henriques, Ton Soares, Alisson Oliveira, Marina Costa, Rosenberg Frizeiro, Paulo Henrique (PH)<\/p><\/div>\n<div id=\"attachment_109900\" style=\"width: 690px\" class=\"wp-caption aligncenter\"><img loading=\"lazy\" decoding=\"async\" aria-describedby=\"caption-attachment-109900\" class=\"wp-image-109900\" src=\"http:\/\/diarioregionaljf.com.br\/wp-content\/uploads\/2018\/06\/fotoi-16.jpg\" alt=\"\" width=\"680\" height=\"510\" srcset=\"https:\/\/diarioregionaldigital.com.br\/wp-content\/uploads\/2018\/06\/fotoi-16.jpg 960w, https:\/\/diarioregionaldigital.com.br\/wp-content\/uploads\/2018\/06\/fotoi-16-300x225.jpg 300w, https:\/\/diarioregionaldigital.com.br\/wp-content\/uploads\/2018\/06\/fotoi-16-768x576.jpg 768w, https:\/\/diarioregionaldigital.com.br\/wp-content\/uploads\/2018\/06\/fotoi-16-360x270.jpg 360w\" sizes=\"auto, (max-width: 680px) 100vw, 680px\" \/><p id=\"caption-attachment-109900\" class=\"wp-caption-text\">Fazendo pit-stop no Mr. Pina, o advogado Thiago Pires e o Pastor Giovane Rabelo<\/p><\/div>\n<div id=\"attachment_109912\" style=\"width: 690px\" class=\"wp-caption aligncenter\"><img loading=\"lazy\" decoding=\"async\" aria-describedby=\"caption-attachment-109912\" class=\"wp-image-109912\" src=\"http:\/\/diarioregionaljf.com.br\/wp-content\/uploads\/2018\/06\/fotod-17-e1530303637983.jpg\" alt=\"\" width=\"680\" height=\"530\" srcset=\"https:\/\/diarioregionaldigital.com.br\/wp-content\/uploads\/2018\/06\/fotod-17-e1530303637983.jpg 640w, https:\/\/diarioregionaldigital.com.br\/wp-content\/uploads\/2018\/06\/fotod-17-e1530303637983-300x234.jpg 300w, https:\/\/diarioregionaldigital.com.br\/wp-content\/uploads\/2018\/06\/fotod-17-e1530303637983-360x281.jpg 360w\" sizes=\"auto, (max-width: 680px) 100vw, 680px\" \/><p id=\"caption-attachment-109912\" class=\"wp-caption-text\">Na Casa K durante o evento Tudo Lindo, a modelo Emilainy Werneck desfilando com ricos acess\u00f3rios by Candy<\/p><\/div>\n<p style=\"text-align: center;\"><strong>FOTOSS\u00cdNTESE<\/strong><\/p>\n<p>Em estilo alto astral, este colunista recebeu convite para o batizado hoje, \u00e0s 9h, na Igreja Melquita do reizinho Arthur Carlos Ferreira Chillis. Regina Ferreira e Leonardo Chillis recebem, na intimidade, familiares e amigos.<\/p>\n<p>Para alegrar o domingo, a Choperia Botec\u00e1rio recebe o evento Tardezinha do Teatro, com o lan\u00e7amento do projeto Broa de Fub\u00e1 com Bolo de Rolo. Em cena, DJ Felipe Cear\u00e1 com Leoparina, Marcus Amaral e Sandra Almeida e Karook\u00ea. Ser\u00e1 \u00e0s 16h, com comidinhas livres a R$20,00.<\/p>\n<p>O projeto Fadas Madrinhas \u2013 em parceria com o Privil\u00e8ge JF \u2013 est\u00e1 oferecendo um Baile de Debutantes para adolescentes da rede p\u00fablica de ensino, com boas notas, que fazem ou fizeram 15 anos em 2018. O evento ser\u00e1 realizado em outubro. Inscri\u00e7\u00f5es pelo e-mail projetofadasmadrinhas1@gmail.com. Detalhe: enviar uma reda\u00e7\u00e3o contando: Porque voc\u00ea merece ganhar uma festa de 15 anos.<\/p>\n<p>O Programa de Mestrado em Letras do CES\/JF recebeu estudantes do ensino m\u00e9dio da Escola Estadual Maria Elba Braga. A iniciativa foi promovida pelo Grupo de Trabalho (GT). O evento de extens\u00e3o \u201cO escritor na sua escola\u201d, privilegia pr\u00e1ticas leitoras de apresenta\u00e7\u00e3o de textos da autora, Maria de Lourdes Abreu de Oliveira.<\/p>\n<p>A Cia. Frita apresenta o espet\u00e1culo \u201cA Fant\u00e1stica Baleia Engolidora de Circos\u201d, dentro do projeto Divers\u00e3o em Cena ArcelorMittal, neste domingo, 1\u00ba de julho, \u00e0s 16h, no Teatro Solar.<\/p>\n<p>Hoje, 1\u00ba de julho, o MHall recebe o evento II Arrai\u00e1 do Fuxico e Xaveco. A festan\u00e7a come\u00e7a \u00e0s 14h e vai ter quadrilha, brinquedos, barracas t\u00edpicas e atra\u00e7\u00f5es musicais.<\/p>\n<p>L\u00e1 longe na Zona Norte brilha a estrela do fot\u00f3grafo Johnny Pio.<\/p>\n<p>Para o doming\u00e3o ficar Zen: \u201cInova\u00e7\u00e3o distingue o l\u00edder do seguidor\u201d. (Steve Jobs). Bom dia.<\/p>\n","protected":false},"excerpt":{"rendered":"<p>Sonora Os alunos do curso de M\u00fasica da UFJF usaram o audit\u00f3rio Geraldo Pereira, no Instituto de Artes &amp; Design (IAD) da Federal para um show com trechos da \u00d3pera do Malandro. A convite deles, o cantor e ator Alexandre Pereira aceitou o desafio e interpretou a personagem Geni e foi muito aplaudido. Novidade O [&hellip;]<\/p>\n","protected":false},"author":96,"featured_media":109924,"comment_status":"closed","ping_status":"closed","sticky":false,"template":"","format":"standard","meta":{"footnotes":""},"categories":[264],"tags":[],"class_list":["post-109918","post","type-post","status-publish","format-standard","has-post-thumbnail","hentry","category-eduardo-gomes"],"_links":{"self":[{"href":"https:\/\/diarioregionaldigital.com.br\/index.php?rest_route=\/wp\/v2\/posts\/109918","targetHints":{"allow":["GET"]}}],"collection":[{"href":"https:\/\/diarioregionaldigital.com.br\/index.php?rest_route=\/wp\/v2\/posts"}],"about":[{"href":"https:\/\/diarioregionaldigital.com.br\/index.php?rest_route=\/wp\/v2\/types\/post"}],"author":[{"embeddable":true,"href":"https:\/\/diarioregionaldigital.com.br\/index.php?rest_route=\/wp\/v2\/users\/96"}],"replies":[{"embeddable":true,"href":"https:\/\/diarioregionaldigital.com.br\/index.php?rest_route=%2Fwp%2Fv2%2Fcomments&post=109918"}],"version-history":[{"count":0,"href":"https:\/\/diarioregionaldigital.com.br\/index.php?rest_route=\/wp\/v2\/posts\/109918\/revisions"}],"wp:featuredmedia":[{"embeddable":true,"href":"https:\/\/diarioregionaldigital.com.br\/index.php?rest_route=\/wp\/v2\/media\/109924"}],"wp:attachment":[{"href":"https:\/\/diarioregionaldigital.com.br\/index.php?rest_route=%2Fwp%2Fv2%2Fmedia&parent=109918"}],"wp:term":[{"taxonomy":"category","embeddable":true,"href":"https:\/\/diarioregionaldigital.com.br\/index.php?rest_route=%2Fwp%2Fv2%2Fcategories&post=109918"},{"taxonomy":"post_tag","embeddable":true,"href":"https:\/\/diarioregionaldigital.com.br\/index.php?rest_route=%2Fwp%2Fv2%2Ftags&post=109918"}],"curies":[{"name":"wp","href":"https:\/\/api.w.org\/{rel}","templated":true}]}}