{"id":109868,"date":"2018-07-01T06:00:31","date_gmt":"2018-07-01T09:00:31","guid":{"rendered":"http:\/\/diarioregionaljf.com.br\/?p=109868"},"modified":"2018-06-29T16:04:10","modified_gmt":"2018-06-29T19:04:10","slug":"in-moda-1-de-julho-de-2018","status":"publish","type":"post","link":"https:\/\/diarioregionaldigital.com.br\/?p=109868","title":{"rendered":"IN MODA- 1\u00b0 DE JULHO DE 2018"},"content":{"rendered":"<p style=\"text-align: center;\"><span style=\"font-size: 18pt;\"><strong>FASHION NEWS<\/strong><\/span><\/p>\n<ul>\n<li><strong>NIKE X PIET<\/strong><\/li>\n<\/ul>\n<p>Em tempos em que o futebol se torna o grande protagonista no mundo com a Copa, ele tamb\u00e9m se torna inspira\u00e7\u00e3o para grandes marcas! Depois de Adidas lan\u00e7ar uma cole\u00e7\u00e3o inspirada no esporte, foi a vez da Nike. Em parceria com a PIET, marca de Pedro Andrade, a gigante lan\u00e7a a linha PIET FOOTBALL ASSOCIATION, com camisas inspiradas nas tradicionais camisas de treino. As pe\u00e7as j\u00e1 est\u00e3o a venda no site da Nike e em um espa\u00e7o aberto instalado no Largo do Batata, em SP, durante o mundial na R\u00fassia.<\/p>\n<p><img loading=\"lazy\" decoding=\"async\" class=\"size-full wp-image-109874 aligncenter\" src=\"http:\/\/diarioregionaljf.com.br\/wp-content\/uploads\/2018\/06\/nikexpiet.jpg\" alt=\"\" width=\"1200\" height=\"800\" srcset=\"https:\/\/diarioregionaldigital.com.br\/wp-content\/uploads\/2018\/06\/nikexpiet.jpg 1200w, https:\/\/diarioregionaldigital.com.br\/wp-content\/uploads\/2018\/06\/nikexpiet-300x200.jpg 300w, https:\/\/diarioregionaldigital.com.br\/wp-content\/uploads\/2018\/06\/nikexpiet-768x512.jpg 768w, https:\/\/diarioregionaldigital.com.br\/wp-content\/uploads\/2018\/06\/nikexpiet-1024x683.jpg 1024w, https:\/\/diarioregionaldigital.com.br\/wp-content\/uploads\/2018\/06\/nikexpiet-360x240.jpg 360w\" sizes=\"auto, (max-width: 1200px) 100vw, 1200px\" \/><\/p>\n<p>&nbsp;<\/p>\n<ul>\n<li><strong>CK SP<\/strong><\/li>\n<\/ul>\n<p><strong>\u00a0<\/strong>A primeira flagship da Calvin Klein \u00e9 inaugurada em S\u00e3o Paulo, a loja\u00a0fica na Oscar Freire, nos Jardins. Com 700m\u00b2 e projeto atualizado com o mais novo design e conceito de arquitetura da marca, a loja conta com as vers\u00f5es masculinas e femininas de todas as suas linhas!<\/p>\n<p><img loading=\"lazy\" decoding=\"async\" class=\"size-full wp-image-109875 aligncenter\" src=\"http:\/\/diarioregionaljf.com.br\/wp-content\/uploads\/2018\/06\/cksp.jpg\" alt=\"\" width=\"1200\" height=\"965\" srcset=\"https:\/\/diarioregionaldigital.com.br\/wp-content\/uploads\/2018\/06\/cksp.jpg 1200w, https:\/\/diarioregionaldigital.com.br\/wp-content\/uploads\/2018\/06\/cksp-300x241.jpg 300w, https:\/\/diarioregionaldigital.com.br\/wp-content\/uploads\/2018\/06\/cksp-768x618.jpg 768w, https:\/\/diarioregionaldigital.com.br\/wp-content\/uploads\/2018\/06\/cksp-1024x823.jpg 1024w, https:\/\/diarioregionaldigital.com.br\/wp-content\/uploads\/2018\/06\/cksp-360x290.jpg 360w\" sizes=\"auto, (max-width: 1200px) 100vw, 1200px\" \/><\/p>\n<hr \/>\n<p style=\"text-align: center;\"><span style=\"font-size: 18pt;\"><strong>TRENDS<\/strong><\/span><\/p>\n<p><strong>\u00a0<\/strong><strong>BOTA O P\u00c9!<\/strong><\/p>\n<p><strong>\u00a0<\/strong>Mal o inverno entrou no calend\u00e1rio, as liquida\u00e7\u00f5es entraram juntas! \u00d3tima oportunidade para renovar a sapateira e principalmente investir em botas que nunca saem de moda. Estilo cl\u00e1ssico ou ousado tem bota para todo mundo, escolha a sua e desfile pelas ruas cheias de estilo!<\/p>\n<p>&nbsp;<\/p>\n<p><strong><img loading=\"lazy\" decoding=\"async\" class=\"wp-image-109878 size-medium alignleft\" src=\"http:\/\/diarioregionaljf.com.br\/wp-content\/uploads\/2018\/06\/overtheknee-194x300.jpg\" alt=\"\" width=\"194\" height=\"300\" srcset=\"https:\/\/diarioregionaldigital.com.br\/wp-content\/uploads\/2018\/06\/overtheknee-194x300.jpg 194w, https:\/\/diarioregionaldigital.com.br\/wp-content\/uploads\/2018\/06\/overtheknee-360x558.jpg 360w, https:\/\/diarioregionaldigital.com.br\/wp-content\/uploads\/2018\/06\/overtheknee.jpg 564w\" sizes=\"auto, (max-width: 194px) 100vw, 194px\" \/><\/strong><\/p>\n<p>&nbsp;<\/p>\n<p>&nbsp;<\/p>\n<p>&nbsp;<\/p>\n<p style=\"text-align: center;\"><strong>#Over the Knee:<\/strong> A bota acima do joelho conquistou seu lugar! Numa grande variedade de modelos \u00e9 uma excelente op\u00e7\u00e3o para os dias frios.<\/p>\n<p>&nbsp;<\/p>\n<p>&nbsp;<\/p>\n<p>&nbsp;<\/p>\n<p>&nbsp;<\/p>\n<p>&nbsp;<\/p>\n<p><strong><img loading=\"lazy\" decoding=\"async\" class=\"wp-image-109879 size-medium alignright\" src=\"http:\/\/diarioregionaljf.com.br\/wp-content\/uploads\/2018\/06\/coturno-207x300.jpg\" alt=\"\" width=\"207\" height=\"300\" srcset=\"https:\/\/diarioregionaldigital.com.br\/wp-content\/uploads\/2018\/06\/coturno-207x300.jpg 207w, https:\/\/diarioregionaldigital.com.br\/wp-content\/uploads\/2018\/06\/coturno-360x523.jpg 360w, https:\/\/diarioregionaldigital.com.br\/wp-content\/uploads\/2018\/06\/coturno.jpg 564w\" sizes=\"auto, (max-width: 207px) 100vw, 207px\" \/><\/strong><\/p>\n<p>&nbsp;<\/p>\n<p>&nbsp;<\/p>\n<p>&nbsp;<\/p>\n<p style=\"text-align: center;\"><strong>#Coturno: <\/strong>Provavelmente o modelo mais confort\u00e1vel de bota existente, e o mais democr\u00e1tico tamb\u00e9m! Os coturnos s\u00e3o vers\u00e1teis, s\u00e3o lindos e s\u00e3o estilosos! Com salto ou sem: use com saia, vestido, shorts, macac\u00f5es e o que mais quiser!<\/p>\n<p>&nbsp;<\/p>\n<p>&nbsp;<\/p>\n<p>&nbsp;<\/p>\n<p><strong>#Ankle:<\/strong> com uma infinidade de modelos, as botinhas que terminam no tornozelo s\u00e3o as mais vers\u00e1teis podendo compor looks com saias e cal\u00e7as.<\/p>\n<p>&nbsp;<\/p>\n<p><strong><img loading=\"lazy\" decoding=\"async\" class=\"alignleft wp-image-109882 size-medium\" src=\"http:\/\/diarioregionaljf.com.br\/wp-content\/uploads\/2018\/06\/montaria-2-195x300.jpg\" alt=\"\" width=\"195\" height=\"300\" srcset=\"https:\/\/diarioregionaldigital.com.br\/wp-content\/uploads\/2018\/06\/montaria-2-195x300.jpg 195w, https:\/\/diarioregionaldigital.com.br\/wp-content\/uploads\/2018\/06\/montaria-2-360x553.jpg 360w, https:\/\/diarioregionaldigital.com.br\/wp-content\/uploads\/2018\/06\/montaria-2.jpg 518w\" sizes=\"auto, (max-width: 195px) 100vw, 195px\" \/><\/strong><\/p>\n<p>&nbsp;<\/p>\n<p>&nbsp;<\/p>\n<p>&nbsp;<\/p>\n<p style=\"text-align: center;\"><strong>#Montaria: <\/strong>Deixando um visual super charmoso, as botas de montaria geralmente v\u00eam ate os joelhos e s\u00e3o ideais para ser usadas com cal\u00e7as justas nos dias mais frios e chuvosos: saia do convencional e troque a cor preta pelo marrom, caramelo ou canela!<\/p>\n<p>&nbsp;<\/p>\n<p>&nbsp;<\/p>\n<p>&nbsp;<\/p>\n<p><strong><img loading=\"lazy\" decoding=\"async\" class=\"alignright wp-image-109884 size-medium\" src=\"http:\/\/diarioregionaljf.com.br\/wp-content\/uploads\/2018\/06\/chelseaboots-200x300.jpg\" alt=\"\" width=\"200\" height=\"300\" srcset=\"https:\/\/diarioregionaldigital.com.br\/wp-content\/uploads\/2018\/06\/chelseaboots-200x300.jpg 200w, https:\/\/diarioregionaldigital.com.br\/wp-content\/uploads\/2018\/06\/chelseaboots-360x540.jpg 360w, https:\/\/diarioregionaldigital.com.br\/wp-content\/uploads\/2018\/06\/chelseaboots.jpg 564w\" sizes=\"auto, (max-width: 200px) 100vw, 200px\" \/><\/strong><\/p>\n<p>&nbsp;<\/p>\n<p>&nbsp;<\/p>\n<p>&nbsp;<\/p>\n<p style=\"text-align: center;\"><strong>#Chelsea Boots:<\/strong> as tradicionais botas com el\u00e1stico na lateral s\u00e3o apostas certeiras para looks mais descontra\u00eddos e d\u00e1 para usar at\u00e9 em dias mais quentes.<\/p>\n<p>&nbsp;<\/p>\n<p>&nbsp;<\/p>\n<p>&nbsp;<\/p>\n<p><strong>#Cowboy:<\/strong> Se voc\u00ea curte o visual hippie e\/ou boho pode apostar sem medo! O modelo \u00e9 item de fashionista e deixa o visual descolado e gracioso, a maioria dos modelos tem o bico fino, salto baixo e v\u00e3o at\u00e9 o meio da perna, em couro texturizado com bastante detalhes ou em camur\u00e7a com franjas.<\/p>\n<p><strong><img loading=\"lazy\" decoding=\"async\" class=\"alignleft wp-image-109886 size-medium\" src=\"http:\/\/diarioregionaljf.com.br\/wp-content\/uploads\/2018\/06\/sockboot-171x300.jpg\" alt=\"\" width=\"171\" height=\"300\" srcset=\"https:\/\/diarioregionaldigital.com.br\/wp-content\/uploads\/2018\/06\/sockboot-171x300.jpg 171w, https:\/\/diarioregionaldigital.com.br\/wp-content\/uploads\/2018\/06\/sockboot-360x630.jpg 360w, https:\/\/diarioregionaldigital.com.br\/wp-content\/uploads\/2018\/06\/sockboot.jpg 564w\" sizes=\"auto, (max-width: 171px) 100vw, 171px\" \/><\/strong><\/p>\n<p>&nbsp;<\/p>\n<p>&nbsp;<\/p>\n<p>&nbsp;<\/p>\n<p style=\"text-align: center;\"><strong>#Sock Boot:<\/strong> as botas meias s\u00e3o as atuais sensa\u00e7\u00f5es fashion e come\u00e7aram a fazer sucesso ainda no ver\u00e3o. A ideia de dar um efeito de meia nos p\u00e9s est\u00e1 presente nos t\u00eanis mais transados da temporada tamb\u00e9m.<\/p>\n<p>&nbsp;<\/p>\n<p>&nbsp;<\/p>\n<p>&nbsp;<\/p>\n<p><strong><br \/>\n#Galochas:<\/strong> Para os dias de chuva, nada melhor que as galochas! Al\u00e9m de proteger em elas deixam o visual super divertido!<\/p>\n<hr \/>\n<p style=\"text-align: center;\"><span style=\"font-size: 18pt;\"><strong>DEZ x VOC\u00ca!<\/strong><\/span><\/p>\n<p>Autoestima se aprende, autoconhecimento \u00e9 uma busca constante. Gostar de si mesmo \u00e9 o primeiro passo para a constru\u00e7\u00e3o de uma autoimagem positiva. Pratique estes 10 exerc\u00edcios para manter a sua autoimagem satisfat\u00f3ria:<\/p>\n<ol>\n<li><span style=\"font-size: 12pt;\">Valorize de cora\u00e7\u00e3o tudo que seu corpo pode fazer;<\/span><\/li>\n<li><span style=\"font-size: 12pt;\">Mantenha e atualize uma lista de pelo menos 10 coisas que voc\u00ea curte em voc\u00ea mesma \u2014 coisas que n\u00e3o sejam relacionadas com quando voc\u00ea pesa ou como voc\u00ea parece;<\/span><\/li>\n<li><span style=\"font-size: 12pt;\">Lembre-se de que beleza de verdade n\u00e3o est\u00e1 simplesmente na pele: a beleza tamb\u00e9m est\u00e1 no estado de esp\u00edrito;<\/span><\/li>\n<li><span style=\"font-size: 12pt;\">Se enxergue como uma pessoa inteira, e n\u00e3o como peda\u00e7os de corpo;<\/span><\/li>\n<li><span style=\"font-size: 12pt;\">Mantenha por perto somente quem \u00e9 alto-astral \u2014 isso inclui a internet;<\/span><\/li>\n<li><span style=\"font-size: 12pt;\">Cale as vozes da sua mente que te dizem que seu corpo n\u00e3o \u00e9 o \u201ccerto\u201d e que voc\u00ea n\u00e3o \u00e9 uma pessoa legal;<\/span><\/li>\n<li><span style=\"font-size: 12pt;\">Vista roupas que te fa\u00e7am sentir confort\u00e1vel, que te fa\u00e7am sentir bem com voc\u00ea mesma;<\/span><\/li>\n<li><span style=\"font-size: 12pt;\">Exercite o olhar cr\u00edtico diante das mensagens da internet e da m\u00eddia;<\/span><\/li>\n<li><span style=\"font-size: 12pt;\">Fa\u00e7a alguma coisa gostosa por voc\u00ea mesma \u2014 alguma coisa que deixe seu corpo saber que voc\u00ea est\u00e1 curtindo;<\/span><\/li>\n<li><span style=\"font-size: 12pt;\">Use o tempo e a energia que voc\u00ea pode ter gastado se preocupando com comida, calorias e com o seu peso para fazer alguma coisa que ajude outras pessoas de alguma forma.<\/span><\/li>\n<\/ol>\n<hr \/>\n<p style=\"text-align: center;\"><span style=\"font-size: 18pt;\"><strong>CLICK IN MODA<\/strong><\/span><\/p>\n<p><strong>\u00a0Produ\u00e7\u00e3o de moda:<\/strong> Laiza Paiva<\/p>\n<p><strong>Make:<\/strong> @tatiferreso<\/p>\n<p><strong>Ph:<\/strong> @nanda.gondim<\/p>\n<p><strong>Modelos:<\/strong> @claudiaavieira @luuoliveirac @larissa_paivaa<\/p>\n<p><strong>\u00a0<img loading=\"lazy\" decoding=\"async\" class=\"size-full wp-image-109890 aligncenter\" src=\"http:\/\/diarioregionaljf.com.br\/wp-content\/uploads\/2018\/06\/clickinmoda-2.jpeg\" alt=\"\" width=\"640\" height=\"427\" srcset=\"https:\/\/diarioregionaldigital.com.br\/wp-content\/uploads\/2018\/06\/clickinmoda-2.jpeg 640w, https:\/\/diarioregionaldigital.com.br\/wp-content\/uploads\/2018\/06\/clickinmoda-2-300x200.jpeg 300w, https:\/\/diarioregionaldigital.com.br\/wp-content\/uploads\/2018\/06\/clickinmoda-2-360x240.jpeg 360w\" sizes=\"auto, (max-width: 640px) 100vw, 640px\" \/><\/strong><\/p>\n<p>&nbsp;<\/p>\n<p><strong>COLABORADORAS:\u00a0<\/strong><strong>MARIANA MATOS E\u00a0<\/strong><strong>MARIA EDUARDA VER\u00cdSSIMO<\/strong><\/p>\n","protected":false},"excerpt":{"rendered":"<p>FASHION NEWS NIKE X PIET Em tempos em que o futebol se torna o grande protagonista no mundo com a Copa, ele tamb\u00e9m se torna inspira\u00e7\u00e3o para grandes marcas! Depois de Adidas lan\u00e7ar uma cole\u00e7\u00e3o inspirada no esporte, foi a vez da Nike. Em parceria com a PIET, marca de Pedro Andrade, a gigante lan\u00e7a [&hellip;]<\/p>\n","protected":false},"author":96,"featured_media":0,"comment_status":"closed","ping_status":"closed","sticky":false,"template":"","format":"standard","meta":{"footnotes":""},"categories":[285],"tags":[],"class_list":["post-109868","post","type-post","status-publish","format-standard","hentry","category-moda-ana-paula-calixto"],"_links":{"self":[{"href":"https:\/\/diarioregionaldigital.com.br\/index.php?rest_route=\/wp\/v2\/posts\/109868","targetHints":{"allow":["GET"]}}],"collection":[{"href":"https:\/\/diarioregionaldigital.com.br\/index.php?rest_route=\/wp\/v2\/posts"}],"about":[{"href":"https:\/\/diarioregionaldigital.com.br\/index.php?rest_route=\/wp\/v2\/types\/post"}],"author":[{"embeddable":true,"href":"https:\/\/diarioregionaldigital.com.br\/index.php?rest_route=\/wp\/v2\/users\/96"}],"replies":[{"embeddable":true,"href":"https:\/\/diarioregionaldigital.com.br\/index.php?rest_route=%2Fwp%2Fv2%2Fcomments&post=109868"}],"version-history":[{"count":0,"href":"https:\/\/diarioregionaldigital.com.br\/index.php?rest_route=\/wp\/v2\/posts\/109868\/revisions"}],"wp:attachment":[{"href":"https:\/\/diarioregionaldigital.com.br\/index.php?rest_route=%2Fwp%2Fv2%2Fmedia&parent=109868"}],"wp:term":[{"taxonomy":"category","embeddable":true,"href":"https:\/\/diarioregionaldigital.com.br\/index.php?rest_route=%2Fwp%2Fv2%2Fcategories&post=109868"},{"taxonomy":"post_tag","embeddable":true,"href":"https:\/\/diarioregionaldigital.com.br\/index.php?rest_route=%2Fwp%2Fv2%2Ftags&post=109868"}],"curies":[{"name":"wp","href":"https:\/\/api.w.org\/{rel}","templated":true}]}}