{"id":109865,"date":"2018-07-01T06:00:58","date_gmt":"2018-07-01T09:00:58","guid":{"rendered":"http:\/\/diarioregionaljf.com.br\/?p=109865"},"modified":"2018-06-29T15:34:31","modified_gmt":"2018-06-29T18:34:31","slug":"efusao-de-sangue-nos-primordios-da-igreja","status":"publish","type":"post","link":"https:\/\/diarioregionaldigital.com.br\/?p=109865","title":{"rendered":"Efus\u00e3o de Sangue nos Prim\u00f3rdios da Igreja"},"content":{"rendered":"<p>Nos finais do m\u00eas de junho, a Igreja recorda, todos os anos, nomes importantes para a consolida\u00e7\u00e3o dos princ\u00edpios da f\u00e9 crist\u00e3, e os venera como irm\u00e3os santificados, tendo dado suas vidas, at\u00e9 o sangue, pela causa de Cristo.<\/p>\n<p>A iniciar por dia 24, celebra S\u00e3o Jo\u00e3o Batista, o Precursor que preparou os caminhos do Senhor, viveu na penit\u00eancia, na ora\u00e7\u00e3o, anunciando um batismo de convers\u00e3o. Foi elogiado pelo pr\u00f3prio Cristo nos seguintes termos: \u201cEntre todos os nascidos de mulher n\u00e3o h\u00e1 ningu\u00e9m maior do que Jo\u00e3o \u201d (Lc 7, 28). E \u00e9 destacado como superior a um profeta (cfLc 7, 26). Morreu m\u00e1rtir, tendo sua cabe\u00e7a cortada pelos soldados do irrespons\u00e1vel e corrupto Herodes (cf Mc 6, 14-29).<\/p>\n<p>Dia 28, a liturgia apresenta o inolvid\u00e1vel Santo Irineu de Lyon. Te\u00f3logo de grande\u00a0\u00a0\u00a0versatilidade, inconfund\u00edvel na intelig\u00eancia e na sabedoria, viveu no segundo s\u00e9culo, entre os anos 130 e 202, quando foi tamb\u00e9m martirizado no tempo da persegui\u00e7\u00e3o de Sept\u00edmio Severo (193 -211), depois de um apostolado intenso como presb\u00edtero e, posteriormente, como bispo de Lyon, hoje sul da Fran\u00e7a. Trata-se de um dos maiores intelectuais cat\u00f3licos de todos os tempos, tendo escrito muitas obras, entre as quais se destaca a famosa\u00a0<em>AdversusHaereses<\/em>\u00a0(Contra os Hereges), com a qual combate, sobretudo o gnosticismo, o montanismo, al\u00e9m de outras correntes heterodoxas. Membro do clero de Lyon, se destacava pela piedade e pela ci\u00eancia, pelo pastoreio e pelo esp\u00edrito mission\u00e1rio, o que lhe mereceu louvor extraordin\u00e1rio dado pelos seus irm\u00e3os presb\u00edteros, em carta que escreveram ao Papa Eleut\u00e9rio, em 177. Foi disc\u00edpulo de S\u00e3o Policarpo, que por sua vez tinha sido disc\u00edpulo de S\u00e3o Jo\u00e3o Evangelista, o \u00faltimo Ap\u00f3stolo a morrer. Por causa de suas qualidades espirituais e humanas, Irineu, foi escolhido para suceder a S\u00e3o Pot\u00ednio, tamb\u00e9m este martirizado, na sede episcopal de Lyon.<\/p>\n<p>Foi importante a sua interven\u00e7\u00e3o junto ao Papa Vitor I, no ano de 190, na quest\u00e3o da liturgia da P\u00e1scoa, quando algumas comunidades da \u00c1sia Menor teimavam em celebr\u00e1-la em data fixa, chamados quartodecimanos, correndo o risco de excomunh\u00e3o. A intercess\u00e3o de Santo Irineu os livrou disso.<\/p>\n<p>Martirizado, o corpo de Santo Irineu foi depositado respeitosamente na Catedral de Lyon, onde permaneceu intato at\u00e9 1562, quando os huguenotes o roubaram e destru\u00edram.<\/p>\n<p>Por fim, dia 29 celebram-se as festas maiores desta ocasi\u00e3o m\u00e9dio-anual, quando os crist\u00e3os honram solenemente a S\u00e3o Pedro e a S\u00e3o Paulo, recordando os sublimes minist\u00e9rios de governo e pastoreio da Igreja em todo o universo, na pessoa de Pedro e o primeiro grande mission\u00e1rio da f\u00e9 crist\u00e3 que foi Paulo.<br \/>\nAmbos tamb\u00e9m foram marcados pelo derramamento de sangue, sendo Pedro crucificado e Paulo decapitado.<\/p>\n<p>O sangue derramado por estes baluartes da f\u00e9 no come\u00e7o do cristianismo \u00e9 sinal evidente da uni\u00e3o plena com Cristo que tamb\u00e9m deu seu sangue na cruz para a salva\u00e7\u00e3o de todos.<\/p>\n<p>O testemunho dos santos se revelou como extraordin\u00e1ria fortaleza para as comunidades nascentes que iam crescendo a cada dia. Por isso Tertuliano, outro grande te\u00f3logo dos primeiros s\u00e9culos, dizia: \u201cO sangue dos m\u00e1rtires \u00e9 semente de novos crist\u00e3os. \u201d<\/p>\n<p>Os seguidores de Cristo hoje tamb\u00e9m s\u00e3o desafiados e tem crescido o n\u00famero de m\u00e1rtires do amor de Cristo, por causa de ondas de paganismo que se propagam pelo mundo e \u00e0s vezes infiltram at\u00e9 mesmo entre comunidades ditas crist\u00e3s.<\/p>\n<p>O dia de S\u00e3o Pedro e S\u00e3o Paulo, por causa de sua import\u00e2ncia e por ser ocasi\u00e3o de preces especiais pelo Papa, celebra-se no domingo mais pr\u00f3ximo, sendo no corrente ano, dia 1 de julho.<\/p>\n<p>Os tempos podem ser dif\u00edceis, mas a nossa f\u00e9 inabal\u00e1vel em Deus nos anima e nos garante que tamb\u00e9m na \u00e9poca atual Cristo est\u00e1 no meio de n\u00f3s, pois afirmou: \u201cEis que estarei convosco todos os dias, at\u00e9 o fim dos tempos\u201d (Mt 28,20).<\/p>\n","protected":false},"excerpt":{"rendered":"<p>Nos finais do m\u00eas de junho, a Igreja recorda, todos os anos, nomes importantes para a consolida\u00e7\u00e3o dos princ\u00edpios da f\u00e9 crist\u00e3, e os venera como irm\u00e3os santificados, tendo dado suas vidas, at\u00e9 o sangue, pela causa de Cristo. A iniciar por dia 24, celebra S\u00e3o Jo\u00e3o Batista, o Precursor que preparou os caminhos do [&hellip;]<\/p>\n","protected":false},"author":96,"featured_media":97694,"comment_status":"closed","ping_status":"closed","sticky":false,"template":"","format":"standard","meta":{"footnotes":""},"categories":[276],"tags":[],"class_list":["post-109865","post","type-post","status-publish","format-standard","has-post-thumbnail","hentry","category-dom-gil"],"_links":{"self":[{"href":"https:\/\/diarioregionaldigital.com.br\/index.php?rest_route=\/wp\/v2\/posts\/109865","targetHints":{"allow":["GET"]}}],"collection":[{"href":"https:\/\/diarioregionaldigital.com.br\/index.php?rest_route=\/wp\/v2\/posts"}],"about":[{"href":"https:\/\/diarioregionaldigital.com.br\/index.php?rest_route=\/wp\/v2\/types\/post"}],"author":[{"embeddable":true,"href":"https:\/\/diarioregionaldigital.com.br\/index.php?rest_route=\/wp\/v2\/users\/96"}],"replies":[{"embeddable":true,"href":"https:\/\/diarioregionaldigital.com.br\/index.php?rest_route=%2Fwp%2Fv2%2Fcomments&post=109865"}],"version-history":[{"count":0,"href":"https:\/\/diarioregionaldigital.com.br\/index.php?rest_route=\/wp\/v2\/posts\/109865\/revisions"}],"wp:featuredmedia":[{"embeddable":true,"href":"https:\/\/diarioregionaldigital.com.br\/index.php?rest_route=\/wp\/v2\/media\/97694"}],"wp:attachment":[{"href":"https:\/\/diarioregionaldigital.com.br\/index.php?rest_route=%2Fwp%2Fv2%2Fmedia&parent=109865"}],"wp:term":[{"taxonomy":"category","embeddable":true,"href":"https:\/\/diarioregionaldigital.com.br\/index.php?rest_route=%2Fwp%2Fv2%2Fcategories&post=109865"},{"taxonomy":"post_tag","embeddable":true,"href":"https:\/\/diarioregionaldigital.com.br\/index.php?rest_route=%2Fwp%2Fv2%2Ftags&post=109865"}],"curies":[{"name":"wp","href":"https:\/\/api.w.org\/{rel}","templated":true}]}}