{"id":109855,"date":"2018-07-01T06:00:32","date_gmt":"2018-07-01T09:00:32","guid":{"rendered":"http:\/\/diarioregionaljf.com.br\/?p=109855"},"modified":"2018-06-29T15:31:24","modified_gmt":"2018-06-29T18:31:24","slug":"conheca-os-encantos-ao-aproveitar-o-inverno-nas-montanhas-de-petropolis-e-itaipava","status":"publish","type":"post","link":"https:\/\/diarioregionaldigital.com.br\/?p=109855","title":{"rendered":"Conhe\u00e7a os encantos ao aproveitar o inverno nas montanhas de Petr\u00f3polis e Itaipava"},"content":{"rendered":"<p>Essa semana vamos deixar uma pouquinho de falar dos destinos especializados em vitivinicultura no Brasil, para falarmos destino de inverno bem pertinho da gente. Petr\u00f3polis e Itaipava onde nessa \u00e9poca do ano t\u00eam festivais e festas fant\u00e1sticas para espantar o frio e, al\u00e9m disso, s\u00e3o cidades lindas, aconchegantes e charmosas, com uma gastronomia de dar inveja e uma hotelaria perfeita.<\/p>\n<p>Em Petr\u00f3polis, o tradicional Festival de Inverno em sua 18\u00aa edi\u00e7\u00e3o, ocupa locais hist\u00f3ricos como o Museu Imperial e a Pra\u00e7a da Liberdade com diversas atra\u00e7\u00f5es culturais entre 5 e 15 de julho. Nas mesmas datas, o Serra Wine Week traz r\u00f3tulos de qualidade a pre\u00e7os especiais nos restaurantes. J\u00e1 Bauemfest, a Festa do Colono Alem\u00e3o, que celebra as tradi\u00e7\u00f5es dos imigrantes germ\u00e2nicos termina neste final de semana, por\u00e9m ela ser\u00e1 estendida a Itaipava entre os dias 5 e 8 de julho no Parque Municipal com muita m\u00fasica e comidas t\u00edpicas.<\/p>\n<p>Em Petr\u00f3polis, o tradicional Festival de Inverno ocupa locais hist\u00f3ricos como o Museu Imperial, a Catedral de S\u00e3o Pedro de Alc\u00e2ntara, o Pal\u00e1cio de Cristal e a Pra\u00e7a da Liberdade com diversas atra\u00e7\u00f5es culturais entre 5 e 15 de julho. A abertura ser\u00e1 na Catedral, \u00e0s 20h, com a Orquestra Cesgranrio e os Meninos Cantores de Petr\u00f3polis. Nas mesmas datas, o Serra Wine Week traz r\u00f3tulos de qualidade a pre\u00e7os especiais nos restaurantes.<\/p>\n<div id=\"attachment_109860\" style=\"width: 750px\" class=\"wp-caption alignnone\"><img loading=\"lazy\" decoding=\"async\" aria-describedby=\"caption-attachment-109860\" class=\"size-full wp-image-109860\" src=\"http:\/\/diarioregionaljf.com.br\/wp-content\/uploads\/2018\/06\/petropolisdois.jpg\" alt=\"\" width=\"740\" height=\"431\" srcset=\"https:\/\/diarioregionaldigital.com.br\/wp-content\/uploads\/2018\/06\/petropolisdois.jpg 740w, https:\/\/diarioregionaldigital.com.br\/wp-content\/uploads\/2018\/06\/petropolisdois-300x175.jpg 300w, https:\/\/diarioregionaldigital.com.br\/wp-content\/uploads\/2018\/06\/petropolisdois-250x145.jpg 250w, https:\/\/diarioregionaldigital.com.br\/wp-content\/uploads\/2018\/06\/petropolisdois-360x210.jpg 360w\" sizes=\"auto, (max-width: 740px) 100vw, 740px\" \/><p id=\"caption-attachment-109860\" class=\"wp-caption-text\">Com as temperaturas baixando, os turistas j\u00e1 se preparam para visitar a Regi\u00e3o Serrana para aproveitar este clima convidativo do inverno. Foto: Divulga\u00e7\u00e3o<\/p><\/div>\n<p>O festival \u00e9 fruto da parceria entre entidades, empresas e pessoas que acreditam na arte como fator de transforma\u00e7\u00e3o da sociedade. O importante \u00e9 proporcionarmos ao p\u00fablico espet\u00e1culos de qualidade \u2014 afirma Myrian Dauelsberg, fundadora da Institui\u00e7\u00e3o Dell\u2019Arte, organizadora do festival.<\/p>\n<p>Petr\u00f3polis e Itaipava est\u00e3o entre as cidades mais procuradas pelos turistas na esta\u00e7\u00e3o.<\/p>\n<p>Com as temperaturas baixando, os turistas j\u00e1 se preparam para visitar a Regi\u00e3o Serrana do Rio de Janeiro e aproveitar o clima convidativo que deixa as cidades ainda mais charmosas.<\/p>\n<p><strong>Serra Wine Week<\/strong> &#8211; Criado em 2009, a partir de uma iniciativa do empres\u00e1rio Rog\u00e9rio Elmor, do Bomtempo Resort em Itaipava, o\u00a0Serra Wine Week, foi inspirado nos circuitos gastron\u00f4micos internacionais, com o objetivo de unir duas for\u00e7as importantes da\u00a0regi\u00e3o serrana: a gastronomia e o turismo.<\/p>\n<p>O evento, que j\u00e1 entrou para o calend\u00e1rio anual de Petr\u00f3polis, movimenta os estabelecimentos participantes com uma\u00a0deliciosa e intensa maratona de vinhos, aliada a todo o sabor e requinte da cidade.\u00a0Durante dez dias os visitantes e moradores da Serra podem apreciar\u00a0\u00f3timos vinhos a pre\u00e7os promocionais.<\/p>\n<p>Os r\u00f3tulos s\u00e3o cuidadosamente escolhidos por experientes sommeliers, considerando custo, qualidade e a capacidade de harmoniza\u00e7\u00e3o com os pratos servidos pelos estabelecimentos.<\/p>\n<div id=\"attachment_109857\" style=\"width: 564px\" class=\"wp-caption alignnone\"><img loading=\"lazy\" decoding=\"async\" aria-describedby=\"caption-attachment-109857\" class=\"size-full wp-image-109857\" src=\"http:\/\/diarioregionaljf.com.br\/wp-content\/uploads\/2018\/06\/petropolistres.jpg\" alt=\"\" width=\"554\" height=\"374\" srcset=\"https:\/\/diarioregionaldigital.com.br\/wp-content\/uploads\/2018\/06\/petropolistres.jpg 554w, https:\/\/diarioregionaldigital.com.br\/wp-content\/uploads\/2018\/06\/petropolistres-300x203.jpg 300w, https:\/\/diarioregionaldigital.com.br\/wp-content\/uploads\/2018\/06\/petropolistres-360x243.jpg 360w\" sizes=\"auto, (max-width: 554px) 100vw, 554px\" \/><p id=\"caption-attachment-109857\" class=\"wp-caption-text\">O evento Serra Wine Week, criado em 2009 no Bomtempo Resort em Itaipava, foi inspirado nos circuitos gastron\u00f4micos internacionais. Foto: Divulga\u00e7\u00e3o<\/p><\/div>\n<p>Atendendo aos v\u00e1rios pedidos, nesta edi\u00e7\u00e3o tamb\u00e9m teremos o Wine Tasting, uma Feira de Vinhos, a pre\u00e7os superespeciais, com degusta\u00e7\u00e3o, workshop e uma experi\u00eancia deliciosa! Acesse o nosso site e confira todos os detalhes<\/p>\n<p>Wine Tasting \u2013 para aquecer o friozinho da Serra, aproveitem a Feira de Vinhos, a pre\u00e7os superespeciais, no pr\u00f3ximo dia 14 de julho, s\u00e1bado, das 16h \u00e0s 20h na Todeschini Itaipava. O Wine Tasting oferecer\u00e1 a degusta\u00e7\u00e3o dos 9 vinhos participantes desta edi\u00e7\u00e3o do Serra Wine Week, al\u00e9m de um workshop com a Sommelier Paula Brazuna, Diretora Comercial da Importadora oficial doe evento, Berckmann Wine Cellars. Para desfrutar desta experi\u00eancia incr\u00edvel, ser\u00e1 cobrado o valor de R$60,00 por pessoa, do qual R$30 ser\u00e3o revertidos para compra dos r\u00f3tulos. A feira \u00e9 aberta ao p\u00fablico e com entrada franca, e aqueles que optarem pela degusta\u00e7\u00e3o poder\u00e3o adquirir o ingresso em breve. Continue acompanhando nossas m\u00eddias e venha aproveitar este momento com a gente!<\/p>\n<p>Petr\u00f3polis este ano estar\u00e1 \u201cvestida\u201d de Bauernfest tamb\u00e9m nos distritos. Ap\u00f3s o per\u00edodo oficial da festa, o Parque Municipal, em Itaipava, vai receber a Jugendbauernfest, entre os dias 5 e 8 de julho, com atra\u00e7\u00f5es musicais, dan\u00e7as folcl\u00f3ricas, comidas t\u00edpicas, chope e cerveja artesanal. Com a palavra Jugend, que significa juventude em alem\u00e3o, o objetivo \u00e9 atrair os mais novos para ajudar a manter a preserva\u00e7\u00e3o da tradi\u00e7\u00e3o germ\u00e2nica na cidade. A chegada do evento \u00e0 Itaipava tamb\u00e9m vem ao encontro do antigo pedido de comerciantes e moradores da regi\u00e3o para a expans\u00e3o da festa para os distritos.<\/p>\n<p>A Bauernfest \u00e9 a principal festa do nosso calend\u00e1rio de eventos. Ela movimenta a cidade, aquece a nossa economia. No ano passado, j\u00e1 hav\u00edamos estendido a festa, mas agora estamos lan\u00e7ando um desafio ainda maior, de descentralizar o evento e levar um pedacinho para Itaipava. Esse \u00e9 um pleito antigo da regi\u00e3o e estamos conseguindo dar aten\u00e7\u00e3o especial para o distrito\u201d, destaca o prefeito Bernardo Rossi.<\/p>\n<p>Na programa\u00e7\u00e3o da Jugendbauernfest, assim como a Bauernfest, o foco ser\u00e1 a tradi\u00e7\u00e3o germ\u00e2nica, presente at\u00e9 hoje na vida dos petropolitanos, como nas comidas, nas dan\u00e7as, na m\u00fasica, nomes, constru\u00e7\u00f5es. Haver\u00e1 decora\u00e7\u00e3o tem\u00e1tica, apresenta\u00e7\u00f5es com grupos de dan\u00e7a germ\u00e2nica, bandas, e DJs animando o p\u00fablico nos intervalos das atra\u00e7\u00f5es. Al\u00e9m disso, caso a sele\u00e7\u00e3o brasileira de futebol tenha alguma partida na Copa do Mundo durante o per\u00edodo do evento, tamb\u00e9m haver\u00e1 transmiss\u00e3o dos jogos. A entrada ser\u00e1 gratuita.<\/p>\n<p>\u201cA cultura germ\u00e2nica est\u00e1 em todos os cantos da nossa cidade, j\u00e1 estava na hora de levarmos a festa para outro bairro. O Pal\u00e1cio de Cristal continua sendo o centro do evento, mas este ano Itaipava tamb\u00e9m ganha atra\u00e7\u00f5es culturais inspiradas na tradi\u00e7\u00e3o germ\u00e2nica para completar as homenagens aos colonos. Ser\u00e3o quatro dias de festa, no fim de semana seguinte ao encerramento da programa\u00e7\u00e3o no Centro Hist\u00f3rico\u201d, frisa o diretor-presidente do Instituto Municipal de Cultura e Esportes (IMCE), Leonardo Randolfo.<\/p>\n<p>Em 2017, o evento reuniu 320 mil pessoas, o que movimentou R$40 milh\u00f5es na economia de Petr\u00f3polis. A rede hoteleira tamb\u00e9m comemorou a ocupa\u00e7\u00e3o de 98,3% no \u00faltimo fim de semana do evento no Centro e arredores e 83,4% nos distritos. Este ano, a ideia \u00e9 fazer com que o turista permane\u00e7a ainda mais tempo na cidade ap\u00f3s o per\u00edodo oficial do evento e aque\u00e7a a economia nos distritos.<\/p>\n<p>Para celebrar a chegada da esta\u00e7\u00e3o mais fria do ano, o Hotel Solar do Imp\u00e9rio em Petr\u00f3polis criou um card\u00e1pio especial com sopas e fondue doce e salgado, assinado pelo chef belga Bertrand Materne. O hotel ainda est\u00e1 estrategicamente localizado pr\u00f3ximo das principais atra\u00e7\u00f5es da cidade, como o Museu Imperial e a Casa de Santos Dummont, que ficam a alguns minutos de caminhada de dist\u00e2ncia.<\/p>\n<p>Outro mimo para os h\u00f3spedes \u00e9 o ch\u00e1 de boas-vindas, servido no check-in, e preparado com folhas de hortel\u00e3 vindas da horta org\u00e2nica da Pousada Tankamana, que tamb\u00e9m traz novidades. Fondue de Carne servido no caldo com Batata Rostie ou Risoto de Cogumelo.<\/p>\n<p>A Pousada Tankamana \u00e9 um ref\u00fagio r\u00fastico em meio ao Vale do Cuiab\u00e1, em Itaipava. Esta \u00e9 a primeira temporada de inverno ap\u00f3s a renova\u00e7\u00e3o, que deixou os ambientes mais modernos, sem perder o charme que conquista os h\u00f3spedes. Para entrar no clima da esta\u00e7\u00e3o, as sess\u00f5es de cinema na pousada s\u00e3o agraciadas com ch\u00e1 e chocolate quente e pipoca. O ch\u00e1 org\u00e2nico de boas-vindas e o card\u00e1pio de sopas e fondues completam a experi\u00eancia.<\/p>\n<div id=\"attachment_109858\" style=\"width: 970px\" class=\"wp-caption alignnone\"><img loading=\"lazy\" decoding=\"async\" aria-describedby=\"caption-attachment-109858\" class=\"size-full wp-image-109858\" src=\"http:\/\/diarioregionaljf.com.br\/wp-content\/uploads\/2018\/06\/petropolisquatro.jpg\" alt=\"\" width=\"960\" height=\"720\" srcset=\"https:\/\/diarioregionaldigital.com.br\/wp-content\/uploads\/2018\/06\/petropolisquatro.jpg 960w, https:\/\/diarioregionaldigital.com.br\/wp-content\/uploads\/2018\/06\/petropolisquatro-300x225.jpg 300w, https:\/\/diarioregionaldigital.com.br\/wp-content\/uploads\/2018\/06\/petropolisquatro-768x576.jpg 768w, https:\/\/diarioregionaldigital.com.br\/wp-content\/uploads\/2018\/06\/petropolisquatro-360x270.jpg 360w\" sizes=\"auto, (max-width: 960px) 100vw, 960px\" \/><p id=\"caption-attachment-109858\" class=\"wp-caption-text\">A Pousada Tankamana \u00e9 um ref\u00fagio r\u00fastico em meio ao Vale do Cuiab\u00e1, em Itaipava. Foto: Divulga\u00e7\u00e3o<\/p><\/div>\n<p>Sobre o Hotel Solar do Imp\u00e9rio e Pousada Tankamana s\u00e3o operados pelo mesmo grupo respons\u00e1vel pela Pousada Liter\u00e1ria (Paraty-RJ), Fazenda Bananal (Paraty-RJ) e Pousada Tutabel\u00a0 (Trancoso \u2013 BA). O grupo \u00e9 fundador da Bee+Hive, ONG lan\u00e7ada em 2017 e comprometida em fomentar um mundo melhor atrav\u00e9s do turismo sustent\u00e1vel. A associa\u00e7\u00e3o promove hot\u00e9is de luxo, restaurantes e atra\u00e7\u00f5es que ofere\u00e7am atividades e experi\u00eancias que beneficiem o meio-ambiente, a comunidade e a economia local.<\/p>\n<p>Por tudo isso, vamos subir a Serra e nos aquecer em belas pousadas e hot\u00e9is, tomar um vinho de qualidade harmonizando com uma culin\u00e1ria espetacular. Vale \u00e0 pena conferir&#8230; \u00c9 t\u00e3o pertinho de Juiz de Fora!<\/p>\n<p>&nbsp;<\/p>\n<p>&nbsp;<\/p>\n","protected":false},"excerpt":{"rendered":"<p>Essa semana vamos deixar uma pouquinho de falar dos destinos especializados em vitivinicultura no Brasil, para falarmos destino de inverno bem pertinho da gente. Petr\u00f3polis e Itaipava onde nessa \u00e9poca do ano t\u00eam festivais e festas fant\u00e1sticas para espantar o frio e, al\u00e9m disso, s\u00e3o cidades lindas, aconchegantes e charmosas, com uma gastronomia de dar [&hellip;]<\/p>\n","protected":false},"author":96,"featured_media":109856,"comment_status":"closed","ping_status":"closed","sticky":false,"template":"","format":"standard","meta":{"footnotes":""},"categories":[284],"tags":[],"class_list":["post-109855","post","type-post","status-publish","format-standard","has-post-thumbnail","hentry","category-turismo-rosa-oliveira"],"_links":{"self":[{"href":"https:\/\/diarioregionaldigital.com.br\/index.php?rest_route=\/wp\/v2\/posts\/109855","targetHints":{"allow":["GET"]}}],"collection":[{"href":"https:\/\/diarioregionaldigital.com.br\/index.php?rest_route=\/wp\/v2\/posts"}],"about":[{"href":"https:\/\/diarioregionaldigital.com.br\/index.php?rest_route=\/wp\/v2\/types\/post"}],"author":[{"embeddable":true,"href":"https:\/\/diarioregionaldigital.com.br\/index.php?rest_route=\/wp\/v2\/users\/96"}],"replies":[{"embeddable":true,"href":"https:\/\/diarioregionaldigital.com.br\/index.php?rest_route=%2Fwp%2Fv2%2Fcomments&post=109855"}],"version-history":[{"count":0,"href":"https:\/\/diarioregionaldigital.com.br\/index.php?rest_route=\/wp\/v2\/posts\/109855\/revisions"}],"wp:featuredmedia":[{"embeddable":true,"href":"https:\/\/diarioregionaldigital.com.br\/index.php?rest_route=\/wp\/v2\/media\/109856"}],"wp:attachment":[{"href":"https:\/\/diarioregionaldigital.com.br\/index.php?rest_route=%2Fwp%2Fv2%2Fmedia&parent=109855"}],"wp:term":[{"taxonomy":"category","embeddable":true,"href":"https:\/\/diarioregionaldigital.com.br\/index.php?rest_route=%2Fwp%2Fv2%2Fcategories&post=109855"},{"taxonomy":"post_tag","embeddable":true,"href":"https:\/\/diarioregionaldigital.com.br\/index.php?rest_route=%2Fwp%2Fv2%2Ftags&post=109855"}],"curies":[{"name":"wp","href":"https:\/\/api.w.org\/{rel}","templated":true}]}}