{"id":109853,"date":"2018-07-01T06:00:25","date_gmt":"2018-07-01T09:00:25","guid":{"rendered":"http:\/\/diarioregionaljf.com.br\/?p=109853"},"modified":"2018-06-29T15:18:49","modified_gmt":"2018-06-29T18:18:49","slug":"homo-deus","status":"publish","type":"post","link":"https:\/\/diarioregionaldigital.com.br\/?p=109853","title":{"rendered":"HOMO DEUS"},"content":{"rendered":"<p>Yuval Noah Harari escreveu em Israel o seu not\u00e1vel \u201cSapiens \u2013 uma breve hist\u00f3ria da\u00a0 humanidade\u201d, publicado em mais de 40 pa\u00edses.\u00a0 \u00c9 um best-seller internacional, lan\u00e7ado originalmente em 1911.<\/p>\n<p>Agora, o \u00eaxito \u00e9 do seu \u201cHomo Deus \u2013 uma breve hist\u00f3ria do amanh\u00e3\u201d, em que trata as quest\u00f5es da humanidade e do mundo moderno.\u00a0 Certamente repetir\u00e1 o \u00eaxito do livro\u00a0 anterior.\u00a0 Mostra que a guerra se tornou obsoleta e que a morte \u00e9 apenas um problema t\u00e9cnico.\u00a0 Para entender quem somos e descobrir para onde vamos, combina ci\u00eancia, hist\u00f3ria e filosofia, sem descurar do nosso passado e das nossas origens.\u00a0 O\u00a0 pesquisador de hist\u00f3ria pela Universidade de Oxford e professor da Universidade Hebraica de Jerusal\u00e9m d\u00e1 sinais animadores sobre o futuro da humanidade, com o avan\u00e7o da gen\u00e9tica e as\u00a0 implica\u00e7\u00f5es \u00e9ticas das mudan\u00e7as que est\u00e3o ocorrendo.\u00a0 A\u00a0 leitura da sua obra se tornou indispens\u00e1vel para os estudiosos do mundo inteiro.<\/p>\n<p>O que representar\u00e1 a exist\u00eancia de uma intelig\u00eancia artificial que gerencie aspectos relevantes da vida e da sociedade?\u00a0 No mundo dominado por algoritmos, at\u00e9 que ponto o livre-arb\u00edtrio ser\u00e1 importante para\u00a0 as futuras gera\u00e7\u00f5es? Herari, com os seus estudos, observa o passado de forma rigorosamente original.\u00a0 E assim ajuda a desvendar os pr\u00f3ximos passos da evolu\u00e7\u00e3o da humanidade.<\/p>\n<p>No seu \u201cHomo Deus\u201d, Harari afirmou que \u201cno in\u00edcio do s\u00e9culo XXI, o trem do progresso est\u00e1 novamente saindo da esta\u00e7\u00e3o\u00a0 e provavelmente ser\u00e1 o \u00faltimo a deixar a esta\u00e7\u00e3o chamada <strong>Homo sapiens<\/strong>.\u00a0 Os que perderem esse trem jamais ter\u00e3o uma segunda oportunidade.\u201d\u00a0 E vem a\u00ed o chamamento para o estudo: \u201cPara conseguir um assento, voc\u00ea tem de entender a tecnologia do s\u00e9culo XXI, particularmente os poderes da biotecnologia e dos\u00a0 algorismos\u00a0 de computa\u00e7\u00e3o.\u00a0 Esses\u00a0 poderes s\u00e3o muito mais potentes do que o vapor e o tel\u00e9grafo e n\u00e3o ser\u00e3o usados apenas para produzir alimentos, t\u00eaxteis, ve\u00edculos e armas.\u00a0 Os principais produtos do s\u00e9culo XXI ser\u00e3o corpos, c\u00e9rebros e mentes, e o abismo entre os que sabem operar a engenharia e corpos e c\u00e9rebros e os que n\u00e3o sabem ser\u00e1 muito maior do que aquele entre a Gr\u00e3-Bretanha de Dickens e o Sud\u00e3o do Mahdi.\u00a0 Na verdade, ser\u00e1 maior do que a brecha entre\u00a0 o <strong>Sapiens <\/strong>e os neandertais.\u201d E conclui o grande pensador israelense:\u00a0 \u201cNeste s\u00e9culo, os que viajam no trem do progresso v\u00e3o adquirir aptid\u00f5es divinas de cria\u00e7\u00e3o e destrui\u00e7\u00e3o, enquanto os que ficarem para tr\u00e1s enfrentar\u00e3o a extin\u00e7\u00e3o.\u201d<\/p>\n<p>Pode-se inferir que os humanos estejam empenhados em alcan\u00e7ar a imortalidade, a felicidade e a divindade.\u00a0 S\u00e3o os ideais tradicionais do humanismo liberal.\u00a0 As novas tecnologias p\u00f3s-humanistas ajudar\u00e3o a calcular\u00a0 ou projetar o nosso futuro, com as surpresas poss\u00edveis, quando o <strong>Homo sapiens<\/strong> perder o controle que hoje det\u00e9m, e se assinalar o avan\u00e7o de elementos como a biotecnologia e a intelig\u00eancia artificial. E ficar\u00e1 a d\u00favida: qual\u00a0 a religi\u00e3o que substituir\u00e1 o humanismo?<\/p>\n<p>&nbsp;<\/p>\n<p>&nbsp;<\/p>\n<p>&nbsp;<\/p>\n","protected":false},"excerpt":{"rendered":"<p>Yuval Noah Harari escreveu em Israel o seu not\u00e1vel \u201cSapiens \u2013 uma breve hist\u00f3ria da\u00a0 humanidade\u201d, publicado em mais de 40 pa\u00edses.\u00a0 \u00c9 um best-seller internacional, lan\u00e7ado originalmente em 1911. Agora, o \u00eaxito \u00e9 do seu \u201cHomo Deus \u2013 uma breve hist\u00f3ria do amanh\u00e3\u201d, em que trata as quest\u00f5es da humanidade e do mundo moderno.\u00a0 [&hellip;]<\/p>\n","protected":false},"author":96,"featured_media":96753,"comment_status":"closed","ping_status":"closed","sticky":false,"template":"","format":"standard","meta":{"footnotes":""},"categories":[275],"tags":[],"class_list":["post-109853","post","type-post","status-publish","format-standard","has-post-thumbnail","hentry","category-arnaldo-niskier"],"_links":{"self":[{"href":"https:\/\/diarioregionaldigital.com.br\/index.php?rest_route=\/wp\/v2\/posts\/109853","targetHints":{"allow":["GET"]}}],"collection":[{"href":"https:\/\/diarioregionaldigital.com.br\/index.php?rest_route=\/wp\/v2\/posts"}],"about":[{"href":"https:\/\/diarioregionaldigital.com.br\/index.php?rest_route=\/wp\/v2\/types\/post"}],"author":[{"embeddable":true,"href":"https:\/\/diarioregionaldigital.com.br\/index.php?rest_route=\/wp\/v2\/users\/96"}],"replies":[{"embeddable":true,"href":"https:\/\/diarioregionaldigital.com.br\/index.php?rest_route=%2Fwp%2Fv2%2Fcomments&post=109853"}],"version-history":[{"count":0,"href":"https:\/\/diarioregionaldigital.com.br\/index.php?rest_route=\/wp\/v2\/posts\/109853\/revisions"}],"wp:featuredmedia":[{"embeddable":true,"href":"https:\/\/diarioregionaldigital.com.br\/index.php?rest_route=\/wp\/v2\/media\/96753"}],"wp:attachment":[{"href":"https:\/\/diarioregionaldigital.com.br\/index.php?rest_route=%2Fwp%2Fv2%2Fmedia&parent=109853"}],"wp:term":[{"taxonomy":"category","embeddable":true,"href":"https:\/\/diarioregionaldigital.com.br\/index.php?rest_route=%2Fwp%2Fv2%2Fcategories&post=109853"},{"taxonomy":"post_tag","embeddable":true,"href":"https:\/\/diarioregionaldigital.com.br\/index.php?rest_route=%2Fwp%2Fv2%2Ftags&post=109853"}],"curies":[{"name":"wp","href":"https:\/\/api.w.org\/{rel}","templated":true}]}}