{"id":109850,"date":"2018-07-24T14:45:09","date_gmt":"2018-07-24T17:45:09","guid":{"rendered":"http:\/\/diarioregionaljf.com.br\/?p=109850"},"modified":"2018-07-24T14:44:54","modified_gmt":"2018-07-24T17:44:54","slug":"fernada-takai-faz-show-em-juiz-de-fora-acompanhada-de-roberto-menescal-e-marcos-valle","status":"publish","type":"post","link":"https:\/\/diarioregionaldigital.com.br\/?p=109850","title":{"rendered":"Fernada Takai faz show em Juiz de Fora acompanhada de Roberto Menescal e Marcos Valle"},"content":{"rendered":"<p><em>Faixa ap\u00f3s faixa, o disco nos traz de volta um Tom que era urgente recuperar \u2013 o Tom jovem, de cerca de 30 anos e ainda inconsciente de sua voca\u00e7\u00e3o para a eternidade. Fernanda garante a eternidade desse repert\u00f3rio e, com sua leveza e juventude, faz dele nosso contempor\u00e2neo \u2013 pequenas grandes can\u00e7\u00f5es para tocar no r\u00e1dio e, quem sabe, despertar uma nova gera\u00e7\u00e3o<\/em>.<\/p>\n<p>\u00c9 assim que o jornalista e escritor Ruy Castro define\u00a0\u201cO Tom da Takai\u201d\u00a0(Deck), novo disco solo de Fernanda Takai, com produ\u00e7\u00e3o e arranjos de Roberto Menescal e Marcos Valle, no qual a cantora interpreta can\u00e7\u00f5es de Tom Jobim.\u00a0No dia 4 de agosto, o show de lan\u00e7amento do disco ser\u00e1 em Juiz de Fora,\u00a0no Teatro Solar.<\/p>\n<p>O repert\u00f3rio do \u00e1lbum e do show contemplam algumas das primeiras composi\u00e7\u00f5es do mestre da bossa nova. S\u00e3o sete faixas produzidas e arranjadas por Roberto Menescal: \u201cAula de Matem\u00e1tica\/Discuss\u00e3o\u201d (<em>pot-pourri<\/em>), \u201cBonita\u201d, \u201cEsquecendo Voc\u00ea\u201d, \u201cSamba Torto\u201d, \u201cEu Preciso de Voc\u00ea\u201d, \u201cFotografia\u201d e \u201cEstrada do Sol\u201d. As outras seis, com arranjos e produ\u00e7\u00e3o de Marcos Valle: \u201cAi, Quem me Dera\u201d, \u201cOlha pro C\u00e9u\u201d, \u201cOutra Vez\u201d, \u201cS\u00f3 Saudade\u201d, \u201cThe Red Blouse\u201d e \u201cBrigas Nunca Mais\u201d.<\/p>\n<p>\u201cSempre tive muito cuidado de fazer qualquer coisa com m\u00fasicas do Tom, porque ele j\u00e1 foi bastante gravado. Mas imediatamente vi que esse projeto poderia ser muito interessante, porque a Fernanda tem personalidade pr\u00f3pria. Procuramos m\u00fasicas menos gravadas, mas interessantes. Ouvi muita, muita coisa&#8230; Depois pensamos em arranjos diferentes tamb\u00e9m. O Menescal e eu dividimos as can\u00e7\u00f5es, mas tocamos juntos em todas, o que trouxe uma unidade. E a Fernanda tem uma voz deliciosa que se encaixa t\u00e3o bem nas letras, suave, coloquial, se enquadrou perfeitamente. Tudo isso e tamb\u00e9m o clima, nossa amizade, deu t\u00e3o certo que foi transpassado para o disco. Tenho muito orgulho de participar desse projeto\u201d, conta Marcos Valle.<\/p>\n<p>A ideia do disco partiu de uma s\u00e9rie de shows de 2017, quando o trio se reuniu para celebrar os 80 anos de Menescal e apresentou diversas can\u00e7\u00f5es da bossa nova. \u201cPra essa s\u00e9rie, fiz um arranjo de \u2018Estrada do Sol\u2019, do Jobim, pensando na Takai, especialmente pra ela. E quando ela cantou no show, me veio o projeto na cabe\u00e7a, na hora, com nome e tudo. Convidei o Marcos e ela ali mesmo no palco, na frente da plateia, e eles toparam. Depois disso, tudo fluiu, a gravadora confirmou, sugerimos as m\u00fasicas, e a Fernanda gostou, selecionou, gravamos. Foi t\u00e3o simples, sem complica\u00e7\u00f5es, mas o resultado est\u00e1 muito sofisticado\u201d, conta Roberto Menescal.<\/p>\n<p>No show em Juiz de Fora, o trio ser\u00e1 acompanhado pelos m\u00fasicos Adriano Souza (Teclados), Jefferson Lescowich (Baixo) e Renato \u201cMassa\u201d Calmon (Bateria) \u2013 que tamb\u00e9m participaram da grava\u00e7\u00e3o do disco. O repert\u00f3rio conta com todas as can\u00e7\u00f5es do CD, mais algumas surpresas.<\/p>\n<p>\u201cPara escolher as can\u00e7\u00f5es, os produtores me passaram algumas que eram um pouco menos conhecidas que os grandes cl\u00e1ssicos. Fomos atr\u00e1s de m\u00fasicas que n\u00e3o tinham muitas regrava\u00e7\u00f5es e que poderiam ganhar um novo foco junto ao p\u00fablico. Confiei muito no conhecimento deles sobre a obra de Tom Jobim. O resultado superou minhas expectativas, que j\u00e1 eram excelentes. Temos um \u00e1lbum muito leve, ao mesmo tempo sofisticado e pop, usando o que a bossa nova tem de melhor. E soa muito novo, atualizado. As can\u00e7\u00f5es t\u00eam uma qualidade incompar\u00e1vel\u201d, comenta Fernanda Takai.<\/p>\n<p>Um dos m\u00fasicos mais conhecidos no mundo ganha nova roupagem. O p\u00fablico, mais um motivo para ouvi-lo novamente. \u201cEstamos enfocando um autor de alcance mundial, mas de maneira nova, com arranjos muito diferentes dos originais, pensados para a Fernanda. Eu j\u00e1 tenho certeza que ser\u00e1 um sucesso daqui at\u00e9 no Jap\u00e3o\u201d, exalta Menescal.<\/p>\n<p>O show \u00e9 realizado pela \u201cDo Brasil, Eventos, Experi\u00eancia, Promo\u201d por meio da Lei Estadual de Incentivo \u00e0 Cultura, com patroc\u00ednio da Cemig e Claro.<\/p>\n<p><strong><u>SERVI\u00c7O:<\/u><\/strong><br \/>\n<strong>Show O Tom da Takai \u2013 com Fernanda Takai, Roberto Menescal e Marcos Valle<\/strong><br \/>\n<strong>Data\/hor\u00e1rio:<\/strong>\u00a04 de agosto, \u00e0s 20h<br \/>\n<strong>Local:<\/strong>\u00a0Teatro Solar (avenida Presidente Itamar Franco, 2.104, S\u00e3o Mateus, Juiz de Fora)<br \/>\n<strong>Ingressos:<\/strong>\u00a0R$ 60 (inteira) | R$ 30 (meia)<br \/>\n<strong>Classifica\u00e7\u00e3o et\u00e1ria<\/strong>: Livre<br \/>\n<strong>Dura\u00e7\u00e3o do show<\/strong>: 1h30 aproximadamente<\/p>\n<p><strong>Sobre a Claro<\/strong><\/p>\n<p>A Claro, pioneira na oferta da tecnologia 4.5G no Brasil e l\u00edder em velocidade 4G, tem o orgulho de apresentar \u201cO Tom da Takai\u201d, novo \u00e1lbum solo da Fernanda Takai.\u00a0 No disco, que conta com o patroc\u00ednio da operadora, a cantora interpreta cl\u00e1ssicos de Tom Jobim, com produ\u00e7\u00e3o e arranjos de Roberto Menescal e Marcos Valle<strong>. <\/strong>O Claro m\u00fasica disponibilizou uma playlist especial com os maiores cl\u00e1ssicos da Takai.<\/p>\n<p>\u201c\u00c9 um orgulho apoiar o novo \u00e1lbum da Fernanda Takai, uma das mais premiadas cantoras brasileiras da atualidade. O projeto \u00e9 fascinante e espelha os valores da Claro, que investe no melhor que a m\u00fasica brasileira pode oferecer. Al\u00e9m disso, o carisma da Takai tem tudo a ver com a nossa plataforma de streaming musical Claro M\u00fasica, uma parceria vibrante\u201d,\u00a0<strong>c<\/strong>elebra Erik Fernandes, Diretor Regional da Claro em Minas Gerais.<\/p>\n<p><strong>Claro M\u00fasica<\/strong><\/p>\n<p>Com o Claro M\u00fasica, o cliente pode baixar e ouvir m\u00fasicas quando e onde quiser. Al\u00e9m de playlists exclusivas e hits indicados por artistas, a plataforma permite criar e editar as suas listas de m\u00fasicas e muito mais. E o mais importante: a navega\u00e7\u00e3o no aplicativo n\u00e3o desconta da internet do seu plano p\u00f3s e controle.<\/p>\n<p>&nbsp;<\/p>\n<p>&nbsp;<\/p>\n<p>Fonte: Assessoria<\/p>\n","protected":false},"excerpt":{"rendered":"<p>Faixa ap\u00f3s faixa, o disco nos traz de volta um Tom que era urgente recuperar \u2013 o Tom jovem, de cerca de 30 anos e ainda inconsciente de sua voca\u00e7\u00e3o para a eternidade. Fernanda garante a eternidade desse repert\u00f3rio e, com sua leveza e juventude, faz dele nosso contempor\u00e2neo \u2013 pequenas grandes can\u00e7\u00f5es para tocar [&hellip;]<\/p>\n","protected":false},"author":96,"featured_media":109859,"comment_status":"closed","ping_status":"closed","sticky":false,"template":"","format":"standard","meta":{"footnotes":""},"categories":[256,436,439],"tags":[],"class_list":["post-109850","post","type-post","status-publish","format-standard","has-post-thumbnail","hentry","category-cultura","category-destaque-da-semana","category-ultima-hora"],"_links":{"self":[{"href":"https:\/\/diarioregionaldigital.com.br\/index.php?rest_route=\/wp\/v2\/posts\/109850","targetHints":{"allow":["GET"]}}],"collection":[{"href":"https:\/\/diarioregionaldigital.com.br\/index.php?rest_route=\/wp\/v2\/posts"}],"about":[{"href":"https:\/\/diarioregionaldigital.com.br\/index.php?rest_route=\/wp\/v2\/types\/post"}],"author":[{"embeddable":true,"href":"https:\/\/diarioregionaldigital.com.br\/index.php?rest_route=\/wp\/v2\/users\/96"}],"replies":[{"embeddable":true,"href":"https:\/\/diarioregionaldigital.com.br\/index.php?rest_route=%2Fwp%2Fv2%2Fcomments&post=109850"}],"version-history":[{"count":0,"href":"https:\/\/diarioregionaldigital.com.br\/index.php?rest_route=\/wp\/v2\/posts\/109850\/revisions"}],"wp:featuredmedia":[{"embeddable":true,"href":"https:\/\/diarioregionaldigital.com.br\/index.php?rest_route=\/wp\/v2\/media\/109859"}],"wp:attachment":[{"href":"https:\/\/diarioregionaldigital.com.br\/index.php?rest_route=%2Fwp%2Fv2%2Fmedia&parent=109850"}],"wp:term":[{"taxonomy":"category","embeddable":true,"href":"https:\/\/diarioregionaldigital.com.br\/index.php?rest_route=%2Fwp%2Fv2%2Fcategories&post=109850"},{"taxonomy":"post_tag","embeddable":true,"href":"https:\/\/diarioregionaldigital.com.br\/index.php?rest_route=%2Fwp%2Fv2%2Ftags&post=109850"}],"curies":[{"name":"wp","href":"https:\/\/api.w.org\/{rel}","templated":true}]}}