{"id":109819,"date":"2018-07-01T06:00:30","date_gmt":"2018-07-01T09:00:30","guid":{"rendered":"http:\/\/diarioregionaljf.com.br\/?p=109819"},"modified":"2018-06-29T22:32:45","modified_gmt":"2018-06-30T01:32:45","slug":"pjf-aprova-lei-que-cria-a-semana-da-conscientizacao-civica-e-politica","status":"publish","type":"post","link":"https:\/\/diarioregionaldigital.com.br\/?p=109819","title":{"rendered":"PJF aprova lei que cria a Semana da Conscientiza\u00e7\u00e3o C\u00edvica e Pol\u00edtica"},"content":{"rendered":"<p>Foi publicada nos Atos do Governo da \u00faltima semana, a promulga\u00e7\u00e3o da lei que cria a Semana da Conscientiza\u00e7\u00e3o C\u00edvica e Pol\u00edtica em Juiz de Fora. A Lei N.\u00ba 13.719, de autoria dos Vereadores Charlles Evangelista (PSL) e Sargento Mello Casal (PTB), tem como objetivo promover, anualmente, durante a terceira semana do m\u00eas de setembro, o desenvolvimento de atividades, campanhas e projetos de incentivo, colocando a import\u00e2ncia da conscientiza\u00e7\u00e3o c\u00edvica e pol\u00edtica em nossa cidade.<\/p>\n<p>Um dos principais pontos da semana ser\u00e1 dar mais destaque aos s\u00edmbolos nacionais. Segundo a Constitui\u00e7\u00e3o, os quatro s\u00edmbolos oficiais da Rep\u00fablica Federativa do Brasil s\u00e3o a Bandeira Nacional, o Hino Nacional, o Bras\u00e3o da Rep\u00fablica e o Selo Nacional. Sua apresenta\u00e7\u00e3o e seu uso s\u00e3o regulados pela Lei n. 5.700 de 1\u00ba de setembro de 1971.<\/p>\n<p>Durante a semana as escolas, col\u00e9gios, institui\u00e7\u00f5es municipais e entidades n\u00e3o governamentais poder\u00e3o desenvolver programa\u00e7\u00f5es com a realiza\u00e7\u00e3o de palestras e atividades pr\u00e1ticas de incentivos a conscientiza\u00e7\u00e3o c\u00edvica e pol\u00edtica do Munic\u00edpio.<\/p>\n<p>A terceira semana de setembro foi escolhida justamente por que col\u00e9gios, prefeitura e demais \u00f3rg\u00e3os p\u00fablicos ficam atarefados na prepara\u00e7\u00e3o e execu\u00e7\u00e3o dos eventos durante o dia da independ\u00eancia.<\/p>\n<p>De acordo com o Vereador Sargento Mello a ideia de criar a semana surge ap\u00f3s uma percep\u00e7\u00e3o da necessidade de revaloriza\u00e7\u00e3o de s\u00edmbolos nacionais. \u201cN\u00f3s verificamos que o respeito aos nossos s\u00edmbolos, bandeira, bras\u00e3o, dentre outros, deixaram de ser levados ao um foco mais direto de amor a p\u00e1tria, principalmente na \u00e1rea publica. Voc\u00ea anda hoje em alguns \u00f3rg\u00e3os do executivo e do legislativo e n\u00e3o v\u00ea o bras\u00e3o, e outros s\u00edmbolos que s\u00e3o obrigat\u00f3rios por lei\u201d.<\/p>\n<p>O vereador lamentou a falta de conhecimento, por parte de alguns jovens, em rela\u00e7\u00e3o ao hino nacional e aos motivos de celebra\u00e7\u00e3o pelo sete de setembro. \u201cHoje em dia voc\u00ea percebe que muitos jovens n\u00e3o sabem cantar nosso hino. V\u00e3o para o sete de setembro, mas n\u00e3o sabem nada sobre os nossos bras\u00f5es, s\u00edmbolos e a semana da p\u00e1tria\u201d disse.<\/p>\n<p>A programa\u00e7\u00e3o com atividades e eventos da semana buscar\u00e1 dar ao jovem a oportunidade de contato com os s\u00edmbolos da p\u00e1tria, sua hist\u00f3ria e significados. \u201cParece algo simples, mas no atual momento em que vivemos \u00e9 importante pra despertar o interesse maior de nosso jovem pela a p\u00e1tria. Se a pessoa n\u00e3o tem amor \u00e0 p\u00e1tria o que vai querer produzir de bom para a na\u00e7\u00e3o?\u201d finalizou o vereador.<\/p>\n<p>&nbsp;<\/p>\n","protected":false},"excerpt":{"rendered":"<p>Foi publicada nos Atos do Governo da \u00faltima semana, a promulga\u00e7\u00e3o da lei que cria a Semana da Conscientiza\u00e7\u00e3o C\u00edvica e Pol\u00edtica em Juiz de Fora. A Lei N.\u00ba 13.719, de autoria dos Vereadores Charlles Evangelista (PSL) e Sargento Mello Casal (PTB), tem como objetivo promover, anualmente, durante a terceira semana do m\u00eas de setembro, [&hellip;]<\/p>\n","protected":false},"author":96,"featured_media":109942,"comment_status":"closed","ping_status":"closed","sticky":false,"template":"","format":"standard","meta":{"footnotes":""},"categories":[440,254,439],"tags":[],"class_list":["post-109819","post","type-post","status-publish","format-standard","has-post-thumbnail","hentry","category-destaques-do-dia","category-politica","category-ultima-hora"],"_links":{"self":[{"href":"https:\/\/diarioregionaldigital.com.br\/index.php?rest_route=\/wp\/v2\/posts\/109819","targetHints":{"allow":["GET"]}}],"collection":[{"href":"https:\/\/diarioregionaldigital.com.br\/index.php?rest_route=\/wp\/v2\/posts"}],"about":[{"href":"https:\/\/diarioregionaldigital.com.br\/index.php?rest_route=\/wp\/v2\/types\/post"}],"author":[{"embeddable":true,"href":"https:\/\/diarioregionaldigital.com.br\/index.php?rest_route=\/wp\/v2\/users\/96"}],"replies":[{"embeddable":true,"href":"https:\/\/diarioregionaldigital.com.br\/index.php?rest_route=%2Fwp%2Fv2%2Fcomments&post=109819"}],"version-history":[{"count":0,"href":"https:\/\/diarioregionaldigital.com.br\/index.php?rest_route=\/wp\/v2\/posts\/109819\/revisions"}],"wp:featuredmedia":[{"embeddable":true,"href":"https:\/\/diarioregionaldigital.com.br\/index.php?rest_route=\/wp\/v2\/media\/109942"}],"wp:attachment":[{"href":"https:\/\/diarioregionaldigital.com.br\/index.php?rest_route=%2Fwp%2Fv2%2Fmedia&parent=109819"}],"wp:term":[{"taxonomy":"category","embeddable":true,"href":"https:\/\/diarioregionaldigital.com.br\/index.php?rest_route=%2Fwp%2Fv2%2Fcategories&post=109819"},{"taxonomy":"post_tag","embeddable":true,"href":"https:\/\/diarioregionaldigital.com.br\/index.php?rest_route=%2Fwp%2Fv2%2Ftags&post=109819"}],"curies":[{"name":"wp","href":"https:\/\/api.w.org\/{rel}","templated":true}]}}