{"id":109744,"date":"2018-06-28T23:16:20","date_gmt":"2018-06-29T02:16:20","guid":{"rendered":"http:\/\/diarioregionaljf.com.br\/?p=109744"},"modified":"2018-06-28T23:16:20","modified_gmt":"2018-06-29T02:16:20","slug":"brasil-vence-a-servia-e-classifica-para-as-oitavas-de-final","status":"publish","type":"post","link":"https:\/\/diarioregionaldigital.com.br\/?p=109744","title":{"rendered":"Brasil vence a S\u00e9rvia e classifica para as oitavas de final"},"content":{"rendered":"<p>Depois de um empate com a Su\u00ed\u00e7a e de uma vit\u00f3ria sofrida contra a Costa Rica, o Brasil fez a sua melhor partida da Copa, jogou com confian\u00e7a e venceu a S\u00e9rvia por 2 a 0, com gols de Paulinho e Thiago Silva.<\/p>\n<p>Com o resultado Brasil fecha a fase de grupos em primeiro lugar e encara o Mexico, na segunda-feira, 2 de julho, \u00e1s 11h.<\/p>\n<p>Brasil e S\u00e9rvia entraram em campo para definir quem avan\u00e7aria \u00e0s oitavas de final deste Mundial pelo grupo E.<\/p>\n<p>O come\u00e7o de jogo foi bastante estudado por ambas as equipes, sem grandes chances de gol para ambos os lados.<\/p>\n<p>Aos 16 minutos da primeira etapa o lateral Marcelo sentiu uma les\u00e3o na lombar e foi substitu\u00eddo por Filipe Lu\u00eds.<\/p>\n<p>Aos 36, o gol do Brasil enfim saiu. Ap\u00f3s grande lan\u00e7amento de Coutinho, Paulinho encobriu o goleiro su\u00ed\u00e7o e abriu o placar para o Brasil.<\/p>\n<p>E no segundo tempo aos 23 minutos Thiago Silva escorou cobran\u00e7a de escanteio de Neymar ampliando o placar para o Brasil e classificando a equipe para as oitavas de final da Copa do Mundo.<\/p>\n<p>&nbsp;<\/p>\n<p><strong>BRASIL<br \/>\n<\/strong>Alisson; Fagner, Thiago Silva, Miranda e Marcelo (Filipe Lu\u00eds, 9&#8217;\/1\u00b0); Casemiro; Willian, Paulinho (Fernandinho, 20&#8217;\/2\u00b0), Philippe Coutinho (Renato Augusto, 34&#8217;\/2\u00b0) e Neymar; Gabriel Jesus<br \/>\nT\u00e9cnico: Tite<\/p>\n<p>Gols: Paulinho (B), aos 35 minutos do primeiro tempo, Thiago Silva (B), aos 22 minutos do segundo tempo.<br \/>\nCart\u00f5es amarelos: Ljajic, Matic, Mitrovic (S)<br \/>\nArbitragem: Alireza Faghani, auxiliado por Reza Sokhandan e Mohammadreza Mansouri (trio iraniano)<\/p>\n<p><strong>P\u00fablico:<\/strong> 44.190<br \/>\n<strong>Local: Est\u00e1dio <\/strong>Spartak, em Moscou, R\u00fassia<\/p>\n<p><strong>PR\u00d3XIMO JOGO \u2014 OITAVAS DE FINAL<br \/>\nBRASIL x M\u00c9XICO<br \/>\nSEGUNDA-FEIRA \u2014 2\/7 \u2014 11H<\/strong><\/p>\n<p>&nbsp;<\/p>\n","protected":false},"excerpt":{"rendered":"<p>Depois de um empate com a Su\u00ed\u00e7a e de uma vit\u00f3ria sofrida contra a Costa Rica, o Brasil fez a sua melhor partida da Copa, jogou com confian\u00e7a e venceu a S\u00e9rvia por 2 a 0, com gols de Paulinho e Thiago Silva. Com o resultado Brasil fecha a fase de grupos em primeiro lugar [&hellip;]<\/p>\n","protected":false},"author":96,"featured_media":109745,"comment_status":"closed","ping_status":"closed","sticky":false,"template":"","format":"standard","meta":{"footnotes":""},"categories":[257,439],"tags":[],"class_list":["post-109744","post","type-post","status-publish","format-standard","has-post-thumbnail","hentry","category-esporte","category-ultima-hora"],"_links":{"self":[{"href":"https:\/\/diarioregionaldigital.com.br\/index.php?rest_route=\/wp\/v2\/posts\/109744","targetHints":{"allow":["GET"]}}],"collection":[{"href":"https:\/\/diarioregionaldigital.com.br\/index.php?rest_route=\/wp\/v2\/posts"}],"about":[{"href":"https:\/\/diarioregionaldigital.com.br\/index.php?rest_route=\/wp\/v2\/types\/post"}],"author":[{"embeddable":true,"href":"https:\/\/diarioregionaldigital.com.br\/index.php?rest_route=\/wp\/v2\/users\/96"}],"replies":[{"embeddable":true,"href":"https:\/\/diarioregionaldigital.com.br\/index.php?rest_route=%2Fwp%2Fv2%2Fcomments&post=109744"}],"version-history":[{"count":0,"href":"https:\/\/diarioregionaldigital.com.br\/index.php?rest_route=\/wp\/v2\/posts\/109744\/revisions"}],"wp:featuredmedia":[{"embeddable":true,"href":"https:\/\/diarioregionaldigital.com.br\/index.php?rest_route=\/wp\/v2\/media\/109745"}],"wp:attachment":[{"href":"https:\/\/diarioregionaldigital.com.br\/index.php?rest_route=%2Fwp%2Fv2%2Fmedia&parent=109744"}],"wp:term":[{"taxonomy":"category","embeddable":true,"href":"https:\/\/diarioregionaldigital.com.br\/index.php?rest_route=%2Fwp%2Fv2%2Fcategories&post=109744"},{"taxonomy":"post_tag","embeddable":true,"href":"https:\/\/diarioregionaldigital.com.br\/index.php?rest_route=%2Fwp%2Fv2%2Ftags&post=109744"}],"curies":[{"name":"wp","href":"https:\/\/api.w.org\/{rel}","templated":true}]}}