{"id":109741,"date":"2018-06-28T23:10:09","date_gmt":"2018-06-29T02:10:09","guid":{"rendered":"http:\/\/diarioregionaljf.com.br\/?p=109741"},"modified":"2018-06-28T23:10:09","modified_gmt":"2018-06-29T02:10:09","slug":"copa-do-mundo-e-da-amizade-de-futsal-e-a-atracao-no-ginasio-da-sel","status":"publish","type":"post","link":"https:\/\/diarioregionaldigital.com.br\/?p=109741","title":{"rendered":"&#8220;Copa do Mundo e da Amizade de Futsal&#8221; \u00e9 a atra\u00e7\u00e3o no gin\u00e1sio da SEL"},"content":{"rendered":"<p>Em meio \u00e0 disputa do Mundial de Futebol na R\u00fassia, alunos de futsal do \u201cJF Esporte e Cidadania\u201d, programa da Secretaria de Esporte e Lazer (SEL) da Prefeitura de Juiz de Fora (PJF), dos n\u00facleos Santa Terezinha e Nossa Senhora das Gra\u00e7as, participaram do torneio interno intitulado \u201cCopa do Mundo e da Amizade de Futsal\u201d. O gin\u00e1sio da SEL recebeu, nesta ter\u00e7a-feira, 26, parte dos jogos. Respeitando a idade dos garotos, cada turma representou uma sele\u00e7\u00e3o de futebol que se classificou para o Mundial. Pela manh\u00e3 o teve \u201cPanam\u00e1\u201d vencendo a \u201cInglaterra\u201d por 4 a 3, nos p\u00eanaltis; \u201cCosta Rica\u201d batendo a \u201cSui\u00e7a\u201d por 2 a 0 e \u201cAlemanha\u201d sendo campe\u00e3 em cima da \u201cCoreia do Sul\u201d. \u00c0 tarde, a \u201cCol\u00f4mbia\u201d ficou em terceiro lugar, ap\u00f3s vencer o \u201cJap\u00e3o\u201d, e a ta\u00e7a de \u201ccampe\u00e3o do mundo\u201d ficou com o \u201cSenegal\u201d, que venceu a \u201cPol\u00f4nia\u201d por 5 a 4. Todo mundo entrou no clima; os alunos se cumprimentavam antes e depois das partidas, teve premia\u00e7\u00e3o com medalhas, volta ol\u00edmpica e uma r\u00e9plica da \u201cTa\u00e7a da Copa do Mundo Federa\u00e7\u00e3o Internacional de Futebol Associa\u00e7\u00e3o (Fifa)\u201d, para ser erguida.<\/p>\n<p>\u00c0 frente do torneio esteve o professor de futsal Leonardo Lima. Segundo ele, esse tipo de atividade \u00e9 fundamental para todos os envolvidos: \u201cNosso objetivo \u00e9 promover a integra\u00e7\u00e3o dos alunos. Aproveitamos que eles est\u00e3o empolgados, em clima de Copa, e organizamos o torneio. \u00c9 muito importante estimular a pr\u00e1tica esportiva, sem deixar de lado a competitividade.\u201d Antes, na segunda-feira 25, o n\u00facleo Nossa Senhora das Gra\u00e7as tamb\u00e9m teve seus jogos, com \u201cUruguai\u201d, \u201cAustr\u00e1lia\u201d, \u201cEspanha\u201d e \u201cCro\u00e1cia\u201d saindo \u201ccampe\u00f5es\u201d.<\/p>\n<p>Em meio \u00e0 disputa do Mundial de Futebol na R\u00fassia, alunos de futsal do \u201cJF Esporte e Cidadania\u201d, programa da Secretaria de Esporte e Lazer (SEL) da Prefeitura de Juiz de Fora (PJF), dos n\u00facleos Santa Terezinha e Nossa Senhora das Gra\u00e7as, participaram do torneio interno intitulado \u201cCopa do Mundo e da Amizade de Futsal\u201d. O gin\u00e1sio da SEL recebeu, nesta ter\u00e7a-feira, 26, parte dos jogos. Respeitando a idade dos garotos, cada turma representou uma sele\u00e7\u00e3o de futebol que se classificou para o Mundial. Pela manh\u00e3 o teve \u201cPanam\u00e1\u201d vencendo a \u201cInglaterra\u201d por 4 a 3, nos p\u00eanaltis; \u201cCosta Rica\u201d batendo a \u201cSui\u00e7a\u201d por 2 a 0 e \u201cAlemanha\u201d sendo campe\u00e3 em cima da \u201cCoreia do Sul\u201d. \u00c0 tarde, a \u201cCol\u00f4mbia\u201d ficou em terceiro lugar, ap\u00f3s vencer o \u201cJap\u00e3o\u201d, e a ta\u00e7a de \u201ccampe\u00e3o do mundo\u201d ficou com o \u201cSenegal\u201d, que venceu a \u201cPol\u00f4nia\u201d por 5 a 4. Todo mundo entrou no clima; os alunos se cumprimentavam antes e depois das partidas, teve premia\u00e7\u00e3o com medalhas, volta ol\u00edmpica e uma r\u00e9plica da \u201cTa\u00e7a da Copa do Mundo Federa\u00e7\u00e3o Internacional de Futebol Associa\u00e7\u00e3o (Fifa)\u201d, para ser erguida.<\/p>\n<p>\u00c0 frente do torneio esteve o professor de futsal Leonardo Lima. Segundo ele, esse tipo de atividade \u00e9 fundamental para todos os envolvidos: \u201cNosso objetivo \u00e9 promover a integra\u00e7\u00e3o dos alunos. Aproveitamos que eles est\u00e3o empolgados, em clima de Copa, e organizamos o torneio. \u00c9 muito importante estimular a pr\u00e1tica esportiva, sem deixar de lado a competitividade.\u201d Antes, na segunda-feira 25, o n\u00facleo Nossa Senhora das Gra\u00e7as tamb\u00e9m teve seus jogos, com \u201cUruguai\u201d, \u201cAustr\u00e1lia\u201d, \u201cEspanha\u201d e \u201cCro\u00e1cia\u201d saindo \u201ccampe\u00f5es\u201d. Cerca de 180 crian\u00e7as participaram das atividades.<\/p>\n<p><strong>\u201cJF Esporte e Cidadania\u201d<\/strong><\/p>\n<p>A finalidade principal do programa \u00e9 levar atividade f\u00edsica e esportiva para a popula\u00e7\u00e3o, atendendo, de forma gratuita, crian\u00e7as a idosos, em diversas regi\u00f5es da cidade. Ao propor a\u00e7\u00f5es diferenciadas, qualificadas e de acesso a este p\u00fablico, o programa busca promover o desenvolvimento f\u00edsico, o exerc\u00edcio da cidadania e a inclus\u00e3o social, visando a melhoria das condi\u00e7\u00f5es f\u00edsicas, emocionais e sociais, para alcan\u00e7ar qualidade de vida e aumento da autoestima.<\/p>\n<p><strong>Fonte: Assessoria\/SEL<\/strong><\/p>\n<p>&nbsp;<\/p>\n<p><strong>\u201cJF Esporte e Cidadania\u201d<\/strong><\/p>\n<p>A finalidade principal do programa \u00e9 levar atividade f\u00edsica e esportiva para a popula\u00e7\u00e3o, atendendo, de forma gratuita, crian\u00e7as a idosos, em diversas regi\u00f5es da cidade. Ao propor a\u00e7\u00f5es diferenciadas, qualificadas e de acesso a este p\u00fablico, o programa busca promover o desenvolvimento f\u00edsico, o exerc\u00edcio da cidadania e a inclus\u00e3o social, visando a melhoria das condi\u00e7\u00f5es f\u00edsicas, emocionais e sociais, para alcan\u00e7ar qualidade de vida e aumento da autoestima.<\/p>\n<p><strong>Fonte: Assessoria\/SEL<\/strong><\/p>\n<p>&nbsp;<\/p>\n","protected":false},"excerpt":{"rendered":"<p>Em meio \u00e0 disputa do Mundial de Futebol na R\u00fassia, alunos de futsal do \u201cJF Esporte e Cidadania\u201d, programa da Secretaria de Esporte e Lazer (SEL) da Prefeitura de Juiz de Fora (PJF), dos n\u00facleos Santa Terezinha e Nossa Senhora das Gra\u00e7as, participaram do torneio interno intitulado \u201cCopa do Mundo e da Amizade de Futsal\u201d. [&hellip;]<\/p>\n","protected":false},"author":96,"featured_media":109742,"comment_status":"closed","ping_status":"closed","sticky":false,"template":"","format":"standard","meta":{"footnotes":""},"categories":[257,439],"tags":[],"class_list":["post-109741","post","type-post","status-publish","format-standard","has-post-thumbnail","hentry","category-esporte","category-ultima-hora"],"_links":{"self":[{"href":"https:\/\/diarioregionaldigital.com.br\/index.php?rest_route=\/wp\/v2\/posts\/109741","targetHints":{"allow":["GET"]}}],"collection":[{"href":"https:\/\/diarioregionaldigital.com.br\/index.php?rest_route=\/wp\/v2\/posts"}],"about":[{"href":"https:\/\/diarioregionaldigital.com.br\/index.php?rest_route=\/wp\/v2\/types\/post"}],"author":[{"embeddable":true,"href":"https:\/\/diarioregionaldigital.com.br\/index.php?rest_route=\/wp\/v2\/users\/96"}],"replies":[{"embeddable":true,"href":"https:\/\/diarioregionaldigital.com.br\/index.php?rest_route=%2Fwp%2Fv2%2Fcomments&post=109741"}],"version-history":[{"count":0,"href":"https:\/\/diarioregionaldigital.com.br\/index.php?rest_route=\/wp\/v2\/posts\/109741\/revisions"}],"wp:featuredmedia":[{"embeddable":true,"href":"https:\/\/diarioregionaldigital.com.br\/index.php?rest_route=\/wp\/v2\/media\/109742"}],"wp:attachment":[{"href":"https:\/\/diarioregionaldigital.com.br\/index.php?rest_route=%2Fwp%2Fv2%2Fmedia&parent=109741"}],"wp:term":[{"taxonomy":"category","embeddable":true,"href":"https:\/\/diarioregionaldigital.com.br\/index.php?rest_route=%2Fwp%2Fv2%2Fcategories&post=109741"},{"taxonomy":"post_tag","embeddable":true,"href":"https:\/\/diarioregionaldigital.com.br\/index.php?rest_route=%2Fwp%2Fv2%2Ftags&post=109741"}],"curies":[{"name":"wp","href":"https:\/\/api.w.org\/{rel}","templated":true}]}}