{"id":109731,"date":"2018-06-28T21:33:29","date_gmt":"2018-06-29T00:33:29","guid":{"rendered":"http:\/\/diarioregionaljf.com.br\/?p=109731"},"modified":"2018-06-28T21:33:29","modified_gmt":"2018-06-29T00:33:29","slug":"dolar-recua-051-e-ibovespa-fecha-em-alta","status":"publish","type":"post","link":"https:\/\/diarioregionaldigital.com.br\/?p=109731","title":{"rendered":"D\u00f3lar recua 0,51% e Ibovespa fecha em alta"},"content":{"rendered":"<p>O d\u00f3lar fechou o preg\u00e3o registrando queda de 0,51%, cotado a R$3,8557 para venda. A cota\u00e7\u00e3o da moeda norte-americana inverte a forte alta registrada da \u00faltima quarta-feira, quando o d\u00f3lar disparou 2,04% e chegou a R$3,8755. A tranquilidade durante o dia evitou que o Banco Central realizasse novos leil\u00f5es de\u00a0swaps\u00a0cambiais,\u00a0como os registrados na ordem de US$2,4 bilh\u00f5es.<\/p>\n<p>&nbsp;<\/p>\n<p>O \u00edndice da Bolsa de Valores de S\u00e3o Paulo (Ibovespa) reagiu \u00e0 queda de fechando em alta de 1,64% com 71.766 pontos. As a\u00e7\u00f5es das empresas de grande porte, chamadas de blue chip, acompanharam a recupera\u00e7\u00e3o da Bovespa, fechando em alta. Os pap\u00e9is preferenciais da Petrobras subiram 0,12%, da Vale 1,91% e do Ita\u00fa 3,06%.<\/p>\n<p>&nbsp;<\/p>\n","protected":false},"excerpt":{"rendered":"<p>O d\u00f3lar fechou o preg\u00e3o registrando queda de 0,51%, cotado a R$3,8557 para venda. A cota\u00e7\u00e3o da moeda norte-americana inverte a forte alta registrada da \u00faltima quarta-feira, quando o d\u00f3lar disparou 2,04% e chegou a R$3,8755. A tranquilidade durante o dia evitou que o Banco Central realizasse novos leil\u00f5es de\u00a0swaps\u00a0cambiais,\u00a0como os registrados na ordem de [&hellip;]<\/p>\n","protected":false},"author":96,"featured_media":109732,"comment_status":"closed","ping_status":"closed","sticky":false,"template":"","format":"standard","meta":{"footnotes":""},"categories":[436,261,439],"tags":[],"class_list":["post-109731","post","type-post","status-publish","format-standard","has-post-thumbnail","hentry","category-destaque-da-semana","category-economia","category-ultima-hora"],"_links":{"self":[{"href":"https:\/\/diarioregionaldigital.com.br\/index.php?rest_route=\/wp\/v2\/posts\/109731","targetHints":{"allow":["GET"]}}],"collection":[{"href":"https:\/\/diarioregionaldigital.com.br\/index.php?rest_route=\/wp\/v2\/posts"}],"about":[{"href":"https:\/\/diarioregionaldigital.com.br\/index.php?rest_route=\/wp\/v2\/types\/post"}],"author":[{"embeddable":true,"href":"https:\/\/diarioregionaldigital.com.br\/index.php?rest_route=\/wp\/v2\/users\/96"}],"replies":[{"embeddable":true,"href":"https:\/\/diarioregionaldigital.com.br\/index.php?rest_route=%2Fwp%2Fv2%2Fcomments&post=109731"}],"version-history":[{"count":0,"href":"https:\/\/diarioregionaldigital.com.br\/index.php?rest_route=\/wp\/v2\/posts\/109731\/revisions"}],"wp:featuredmedia":[{"embeddable":true,"href":"https:\/\/diarioregionaldigital.com.br\/index.php?rest_route=\/wp\/v2\/media\/109732"}],"wp:attachment":[{"href":"https:\/\/diarioregionaldigital.com.br\/index.php?rest_route=%2Fwp%2Fv2%2Fmedia&parent=109731"}],"wp:term":[{"taxonomy":"category","embeddable":true,"href":"https:\/\/diarioregionaldigital.com.br\/index.php?rest_route=%2Fwp%2Fv2%2Fcategories&post=109731"},{"taxonomy":"post_tag","embeddable":true,"href":"https:\/\/diarioregionaldigital.com.br\/index.php?rest_route=%2Fwp%2Fv2%2Ftags&post=109731"}],"curies":[{"name":"wp","href":"https:\/\/api.w.org\/{rel}","templated":true}]}}