{"id":109719,"date":"2018-06-28T19:38:23","date_gmt":"2018-06-28T22:38:23","guid":{"rendered":"http:\/\/diarioregionaljf.com.br\/?p=109719"},"modified":"2018-06-28T19:38:51","modified_gmt":"2018-06-28T22:38:51","slug":"pjf-lanca-projeto-para-insercao-de-mulheres-vitimas-de-violencia-no-mercado-de-trabalho","status":"publish","type":"post","link":"https:\/\/diarioregionaldigital.com.br\/?p=109719","title":{"rendered":"PJF lan\u00e7a projeto para inser\u00e7\u00e3o de mulheres v\u00edtimas de viol\u00eancia no mercado de trabalho"},"content":{"rendered":"<p>A Prefeitura de Juiz de Fora (PJF), ap\u00f3s resultados positivos ao longo dos cinco anos de funcionamento da Casa da Mulher, lan\u00e7ou o projeto \u201cPorta da Cidadania\u201d, que visa inserir as mulheres v\u00edtimas de viol\u00eancia no mercado de trabalho. A cerim\u00f4nia de lan\u00e7amento foi realizada na manh\u00e3 dessa quinta-feira, 28, e tamb\u00e9m serviu para comemorar os n\u00fameros de atendimentos realizados pela Casa da Mulher.<\/p>\n<p>\u201cMuito obrigado pelo trabalho desempenhado pela equipe da Casa da Mulher e aos parceiros, que juntos podem permitir o acolhimento dessas mulheres. Bom seria se a gente n\u00e3o estivesse comemorando, mas cada dia mais, o mundo est\u00e1 intolerante e com certeza n\u00e3o acrescenta em nada a n\u00f3s\u201d, disse o prefeito Ant\u00f4nio Almas.<\/p>\n<p>Ao longo destes cinco anos, mais de 12 mil atendimentos foram realizados no local. \u201cN\u00e3o basta s\u00f3 o acolhimento, a gente precisa romper com essa agressividade e com o dom\u00ednio que estas mulheres encontram no seu lar e que \u00e0s vezes elas se sujeitam por serem m\u00e3es e garantir que os filhos continuem tendo condi\u00e7\u00e3o digna de sobreviv\u00eancia\u201d, ressaltou o chefe do Executivo municipal.<\/p>\n<p>A \u201cCasa\u201d conta com profissionais para atendimento psicol\u00f3gico, social e orienta\u00e7\u00e3o jur\u00eddica. Al\u00e9m de receber as v\u00edtimas de agress\u00f5es, a institui\u00e7\u00e3o acolhe e cria ambiente de seguran\u00e7a e confian\u00e7a para a pessoa atendida, estabelecendo v\u00ednculo de confian\u00e7a individual e institucional. \u201c\u00c9 uma oportunidade para que ela acabe com essa depend\u00eancia m\u00f3rbida que ela tem do agressor por n\u00e3o condi\u00e7\u00e3o de se manter e nem os filhos, pois muita das vezes, esta mulher n\u00e3o \u00e9 capacitada. Com o projeto, n\u00f3s vamos poder dar a essa mulher condi\u00e7\u00f5es para que saia dessa situa\u00e7\u00e3o que a degrada como ser humano\u201d, destacou Maria Luiza de Oliveira Moraes, coordenadora Casa da Mulher, sobre o projeto \u201cPorta da Cidadania\u201d.<\/p>\n<div id=\"attachment_109720\" style=\"width: 1290px\" class=\"wp-caption alignnone\"><img loading=\"lazy\" decoding=\"async\" aria-describedby=\"caption-attachment-109720\" class=\"size-full wp-image-109720\" src=\"http:\/\/diarioregionaljf.com.br\/wp-content\/uploads\/2018\/06\/projeto.jpg\" alt=\"\" width=\"1280\" height=\"720\" srcset=\"https:\/\/diarioregionaldigital.com.br\/wp-content\/uploads\/2018\/06\/projeto.jpg 1280w, https:\/\/diarioregionaldigital.com.br\/wp-content\/uploads\/2018\/06\/projeto-300x169.jpg 300w, https:\/\/diarioregionaldigital.com.br\/wp-content\/uploads\/2018\/06\/projeto-768x432.jpg 768w, https:\/\/diarioregionaldigital.com.br\/wp-content\/uploads\/2018\/06\/projeto-1024x576.jpg 1024w, https:\/\/diarioregionaldigital.com.br\/wp-content\/uploads\/2018\/06\/projeto-360x203.jpg 360w\" sizes=\"auto, (max-width: 1280px) 100vw, 1280px\" \/><p id=\"caption-attachment-109720\" class=\"wp-caption-text\">A cerim\u00f4nia serviu tamb\u00e9m para comemorar os n\u00fameros de atendimentos realizados pela Casa da Mulher nos \u00faltimos cinco anos. Foto: Felipe Carvalho<\/p><\/div>\n<p><strong>Porta da Cidadania<\/strong><\/p>\n<p>O projeto \u201cPorta da Cidadania\u201d foi elaborado pela PJF em parceria com a Secretaria de Desenvolvimento Econ\u00f4mico, Trabalho e Turismo (Sedettur), a Ag\u00eancia de Prote\u00e7\u00e3o e Defesa do Consumidor (Procon) e os servi\u00e7os Brasileiro de Apoio \u00e0s Micro e Pequenas Empresas (Sebrae) e Nacional de Aprendizagem Comercial (Senac).<\/p>\n<p>\u201cA Casa da Mulher \u00e9 um projeto consagrado e consolidado como porta de entrada e acolhimento a v\u00edtimas de viol\u00eancia dom\u00e9stica. O ex-prefeito e o atual queriam que a gente desse um passo a frente na perspectiva de oferecer uma \u2018porta de sa\u00edda\u2019 para elas\u201d, afirmou o secret\u00e1rio de Governo, Jos\u00e9 S\u00f3ter de Figueir\u00f4a, sobre o surgimento do projeto.<\/p>\n<p>De acordo com o secret\u00e1rio, o projeto visa emancipar e dar autonomia financeira as mulheres atrav\u00e9s de cursos de capacita\u00e7\u00e3o profissional. A princ\u00edpio, ser\u00e1 desenvolvido um teste com aproximadamente 100 mulheres em agosto. \u201cO Procon ministrar\u00e1 o curso de educa\u00e7\u00e3o financeira. Tamb\u00e9m teremos cursos de habilidades b\u00e1sicas, sobre o mercado de trabalho, direitos e deveres. Al\u00e9m disso, ter\u00e3o cursos profissionalizantes e aulas voltadas para \u00e1rea de gest\u00e3o, de como essa mulher, por exemplo, pode montar o seu pr\u00f3prio neg\u00f3cio. Os cursos ser\u00e3o voltados para o mercado de trabalho e atender\u00e3o as demandas destas mulheres que recorreram a Casa da Mulher\u201d, finalizou.<\/p>\n","protected":false},"excerpt":{"rendered":"<p>A Prefeitura de Juiz de Fora (PJF), ap\u00f3s resultados positivos ao longo dos cinco anos de funcionamento da Casa da Mulher, lan\u00e7ou o projeto \u201cPorta da Cidadania\u201d, que visa inserir as mulheres v\u00edtimas de viol\u00eancia no mercado de trabalho. A cerim\u00f4nia de lan\u00e7amento foi realizada na manh\u00e3 dessa quinta-feira, 28, e tamb\u00e9m serviu para comemorar [&hellip;]<\/p>\n","protected":false},"author":96,"featured_media":109722,"comment_status":"closed","ping_status":"closed","sticky":false,"template":"","format":"standard","meta":{"footnotes":""},"categories":[253,440,439],"tags":[],"class_list":["post-109719","post","type-post","status-publish","format-standard","has-post-thumbnail","hentry","category-cidade","category-destaques-do-dia","category-ultima-hora"],"_links":{"self":[{"href":"https:\/\/diarioregionaldigital.com.br\/index.php?rest_route=\/wp\/v2\/posts\/109719","targetHints":{"allow":["GET"]}}],"collection":[{"href":"https:\/\/diarioregionaldigital.com.br\/index.php?rest_route=\/wp\/v2\/posts"}],"about":[{"href":"https:\/\/diarioregionaldigital.com.br\/index.php?rest_route=\/wp\/v2\/types\/post"}],"author":[{"embeddable":true,"href":"https:\/\/diarioregionaldigital.com.br\/index.php?rest_route=\/wp\/v2\/users\/96"}],"replies":[{"embeddable":true,"href":"https:\/\/diarioregionaldigital.com.br\/index.php?rest_route=%2Fwp%2Fv2%2Fcomments&post=109719"}],"version-history":[{"count":0,"href":"https:\/\/diarioregionaldigital.com.br\/index.php?rest_route=\/wp\/v2\/posts\/109719\/revisions"}],"wp:featuredmedia":[{"embeddable":true,"href":"https:\/\/diarioregionaldigital.com.br\/index.php?rest_route=\/wp\/v2\/media\/109722"}],"wp:attachment":[{"href":"https:\/\/diarioregionaldigital.com.br\/index.php?rest_route=%2Fwp%2Fv2%2Fmedia&parent=109719"}],"wp:term":[{"taxonomy":"category","embeddable":true,"href":"https:\/\/diarioregionaldigital.com.br\/index.php?rest_route=%2Fwp%2Fv2%2Fcategories&post=109719"},{"taxonomy":"post_tag","embeddable":true,"href":"https:\/\/diarioregionaldigital.com.br\/index.php?rest_route=%2Fwp%2Fv2%2Ftags&post=109719"}],"curies":[{"name":"wp","href":"https:\/\/api.w.org\/{rel}","templated":true}]}}