{"id":109714,"date":"2018-06-29T06:00:08","date_gmt":"2018-06-29T09:00:08","guid":{"rendered":"http:\/\/diarioregionaljf.com.br\/?p=109714"},"modified":"2018-06-28T19:24:15","modified_gmt":"2018-06-28T22:24:15","slug":"ii-arraia-do-fuxico-xaveco-acontece-neste-domingo","status":"publish","type":"post","link":"https:\/\/diarioregionaldigital.com.br\/?p=109714","title":{"rendered":"II Arrai\u00e1 do Fuxico &#038; Xaveco acontece neste domingo"},"content":{"rendered":"<p>Acontece neste domingo, 1\u00b0 de julho, de 14h as 19h, a segunda edi\u00e7\u00e3o do Arrai\u00e1 dos Palha\u00e7os Fuxico e Xaveco, no MHall. Para aqueles que comparecerem na festividade, contar\u00e3o com barracas de comidas t\u00edpicas, muitas atra\u00e7\u00f5es musicais, quadrilha, brincadeiras e, claro, muita divers\u00e3o com os palha\u00e7os e seus convidados: Gabi Gabizoca (a boneca cor de rosa mais fashion do Brasil), os cantores sertanejos Leonardo de Freitas e Fabiano, os brutos da viola Jo\u00e3o Paulo e Gustavo, a dupla Pablo e David, e o Ballet Magia da Dan\u00e7a, que est\u00e1 comemorando 28 anos de exist\u00eancia. Tudo isso acompanhado pelo DJ Pablo Ara\u00fajo.<\/p>\n<p>Ainda haver\u00e1 o concurso caipira fashion e a elei\u00e7\u00e3o do rei e da rainha do arrai\u00e1 do Fuxico e do Xaveco com premia\u00e7\u00e3o para os tr\u00eas primeiros colocados do concurso. O regulamento pode ser conferido na p\u00e1gina oficial deles no Facebook.<\/p>\n<p>Os ingressos, que variam de R$15 a R$40, podem ser adquiridos na loja do Z\u00e9 Kodak (Centro), no Santa Cruz Shopping, na Esta\u00e7\u00e3o Kids de JF (Benfica), e na Urbana Talent (Po\u00e7o Rico).<\/p>\n<p>&nbsp;<\/p>\n","protected":false},"excerpt":{"rendered":"<p>Acontece neste domingo, 1\u00b0 de julho, de 14h as 19h, a segunda edi\u00e7\u00e3o do Arrai\u00e1 dos Palha\u00e7os Fuxico e Xaveco, no MHall. Para aqueles que comparecerem na festividade, contar\u00e3o com barracas de comidas t\u00edpicas, muitas atra\u00e7\u00f5es musicais, quadrilha, brincadeiras e, claro, muita divers\u00e3o com os palha\u00e7os e seus convidados: Gabi Gabizoca (a boneca cor de [&hellip;]<\/p>\n","protected":false},"author":96,"featured_media":109715,"comment_status":"closed","ping_status":"closed","sticky":false,"template":"","format":"standard","meta":{"footnotes":""},"categories":[253],"tags":[],"class_list":["post-109714","post","type-post","status-publish","format-standard","has-post-thumbnail","hentry","category-cidade"],"_links":{"self":[{"href":"https:\/\/diarioregionaldigital.com.br\/index.php?rest_route=\/wp\/v2\/posts\/109714","targetHints":{"allow":["GET"]}}],"collection":[{"href":"https:\/\/diarioregionaldigital.com.br\/index.php?rest_route=\/wp\/v2\/posts"}],"about":[{"href":"https:\/\/diarioregionaldigital.com.br\/index.php?rest_route=\/wp\/v2\/types\/post"}],"author":[{"embeddable":true,"href":"https:\/\/diarioregionaldigital.com.br\/index.php?rest_route=\/wp\/v2\/users\/96"}],"replies":[{"embeddable":true,"href":"https:\/\/diarioregionaldigital.com.br\/index.php?rest_route=%2Fwp%2Fv2%2Fcomments&post=109714"}],"version-history":[{"count":0,"href":"https:\/\/diarioregionaldigital.com.br\/index.php?rest_route=\/wp\/v2\/posts\/109714\/revisions"}],"wp:featuredmedia":[{"embeddable":true,"href":"https:\/\/diarioregionaldigital.com.br\/index.php?rest_route=\/wp\/v2\/media\/109715"}],"wp:attachment":[{"href":"https:\/\/diarioregionaldigital.com.br\/index.php?rest_route=%2Fwp%2Fv2%2Fmedia&parent=109714"}],"wp:term":[{"taxonomy":"category","embeddable":true,"href":"https:\/\/diarioregionaldigital.com.br\/index.php?rest_route=%2Fwp%2Fv2%2Fcategories&post=109714"},{"taxonomy":"post_tag","embeddable":true,"href":"https:\/\/diarioregionaldigital.com.br\/index.php?rest_route=%2Fwp%2Fv2%2Ftags&post=109714"}],"curies":[{"name":"wp","href":"https:\/\/api.w.org\/{rel}","templated":true}]}}