{"id":109711,"date":"2018-06-28T19:15:49","date_gmt":"2018-06-28T22:15:49","guid":{"rendered":"http:\/\/diarioregionaljf.com.br\/?p=109711"},"modified":"2018-06-28T19:15:49","modified_gmt":"2018-06-28T22:15:49","slug":"concurso-da-camara-municipal-registra-quase-23-mil-inscritos","status":"publish","type":"post","link":"https:\/\/diarioregionaldigital.com.br\/?p=109711","title":{"rendered":"Concurso da C\u00e2mara Municipal registra quase 23 mil inscritos"},"content":{"rendered":"<p>Em coletiva concedida na tarde dessa quinta-feira, 28, o presidente da C\u00e2mara, vereador Rodrigo Mattos (PHS), informou que 22.916 pessoas se inscreveram para o concurso da C\u00e2mara que oferece 30 vagas para os n\u00edveis m\u00e9dio, t\u00e9cnico e superior. \u201cEstamos dando a oportunidade para muita gente ingressar na C\u00e2mara Municipal e realizar um bom trabalho\u201d, disse ele. De acordo com Rodrigo, o concurso ir\u00e1 aumentar o percentual de servidores em cargos efetivos na C\u00e2mara de 20% para cerca de 40%. As provas acontecem no dia 22 de julho e a previs\u00e3o \u00e9 de que os aprovados sejam chamados at\u00e9 o final do ano.<\/p>\n<p>Diante do elevado n\u00famero de inscri\u00e7\u00f5es, o presidente da C\u00e2mara afirmou que fechou uma parceria com a UFJF para a realiza\u00e7\u00e3o das provas, onde ser\u00e3o aplicadas todas as avalia\u00e7\u00f5es para o n\u00edvel superior. No entanto, apenas parte das provas de n\u00edvel m\u00e9dio ser\u00e3o realizadas na institui\u00e7\u00e3o. \u201cIsso \u00e9 necess\u00e1rio porque a UFJF n\u00e3o tem capacidade para receber os cerca de 14 mil candidatos para n\u00edvel m\u00e9dio e t\u00e9cnico ao mesmo tempo. Portanto, estamos buscando locais adicionais de prova pr\u00f3ximos \u00e0 Universidade, na Cidade Alta. \u00c9 uma log\u00edstica parecida com a do Enem\u201d, disse.<\/p>\n<p>A preocupa\u00e7\u00e3o de encontrar locais pr\u00f3ximos para a realiza\u00e7\u00e3o das provas se d\u00e1 pelo fato de que a C\u00e2mara optou por permitir que o mesmo candidato concorra tanto aos cargos de n\u00edvel m\u00e9dio e t\u00e9cnico quanto \u00e0s vagas para o n\u00edvel superior. Por isso, o objetivo \u00e9 facilitar o deslocamento entre o local das provas de n\u00edvel m\u00e9dio e t\u00e9cnico, que acontecem no per\u00edodo da manh\u00e3, e as provas para o n\u00edvel superior, \u00e0 tarde.<\/p>\n<p>Ainda de acordo com Rodrigo Mattos, a expectativa \u00e9 que as comiss\u00f5es permanentes e o trabalho legislativo sejam fortalecidos com a chegada dos aprovados. \u201cHoje, apesar de termos que discutir leis sobre o zoneamento da cidade, por exemplo, n\u00e3o temos um especialista na \u00e1rea. O concurso acaba com esse problema, pois temos vagas para assistentes t\u00e9cnicos especializados em diversas \u00e1reas\u201d, afirmou.<\/p>\n<p>Foram arrecadados cerca de R$300 mil com as inscri\u00e7\u00f5es. Desse valor, R$86 mil, valor definido em contrato, fica com a Consulpam, empresa respons\u00e1vel por realizar o concurso. O restante ser\u00e1 repassado aos cofres da Prefeitura de Juiz de Fora.<\/p>\n<p>&nbsp;<\/p>\n<p>Fonte: Assessoria<\/p>\n","protected":false},"excerpt":{"rendered":"<p>Em coletiva concedida na tarde dessa quinta-feira, 28, o presidente da C\u00e2mara, vereador Rodrigo Mattos (PHS), informou que 22.916 pessoas se inscreveram para o concurso da C\u00e2mara que oferece 30 vagas para os n\u00edveis m\u00e9dio, t\u00e9cnico e superior. \u201cEstamos dando a oportunidade para muita gente ingressar na C\u00e2mara Municipal e realizar um bom trabalho\u201d, disse [&hellip;]<\/p>\n","protected":false},"author":96,"featured_media":109712,"comment_status":"closed","ping_status":"closed","sticky":false,"template":"","format":"standard","meta":{"footnotes":""},"categories":[253,440,439],"tags":[],"class_list":["post-109711","post","type-post","status-publish","format-standard","has-post-thumbnail","hentry","category-cidade","category-destaques-do-dia","category-ultima-hora"],"_links":{"self":[{"href":"https:\/\/diarioregionaldigital.com.br\/index.php?rest_route=\/wp\/v2\/posts\/109711","targetHints":{"allow":["GET"]}}],"collection":[{"href":"https:\/\/diarioregionaldigital.com.br\/index.php?rest_route=\/wp\/v2\/posts"}],"about":[{"href":"https:\/\/diarioregionaldigital.com.br\/index.php?rest_route=\/wp\/v2\/types\/post"}],"author":[{"embeddable":true,"href":"https:\/\/diarioregionaldigital.com.br\/index.php?rest_route=\/wp\/v2\/users\/96"}],"replies":[{"embeddable":true,"href":"https:\/\/diarioregionaldigital.com.br\/index.php?rest_route=%2Fwp%2Fv2%2Fcomments&post=109711"}],"version-history":[{"count":0,"href":"https:\/\/diarioregionaldigital.com.br\/index.php?rest_route=\/wp\/v2\/posts\/109711\/revisions"}],"wp:featuredmedia":[{"embeddable":true,"href":"https:\/\/diarioregionaldigital.com.br\/index.php?rest_route=\/wp\/v2\/media\/109712"}],"wp:attachment":[{"href":"https:\/\/diarioregionaldigital.com.br\/index.php?rest_route=%2Fwp%2Fv2%2Fmedia&parent=109711"}],"wp:term":[{"taxonomy":"category","embeddable":true,"href":"https:\/\/diarioregionaldigital.com.br\/index.php?rest_route=%2Fwp%2Fv2%2Fcategories&post=109711"},{"taxonomy":"post_tag","embeddable":true,"href":"https:\/\/diarioregionaldigital.com.br\/index.php?rest_route=%2Fwp%2Fv2%2Ftags&post=109711"}],"curies":[{"name":"wp","href":"https:\/\/api.w.org\/{rel}","templated":true}]}}