{"id":109709,"date":"2018-06-29T06:00:46","date_gmt":"2018-06-29T09:00:46","guid":{"rendered":"http:\/\/diarioregionaljf.com.br\/?p=109709"},"modified":"2018-08-13T20:26:14","modified_gmt":"2018-08-13T23:26:14","slug":"prefeitura-municipal-de-descoberto-29-06-18","status":"publish","type":"post","link":"https:\/\/diarioregionaldigital.com.br\/?p=109709","title":{"rendered":"Prefeitura Municipal de Descoberto 29\/06\/18"},"content":{"rendered":"<p style=\"text-align: center;\"><strong>RETIFICA\u00c7\u00c3O DE EXTRATO DE CONTRATO<\/strong><\/p>\n<p style=\"text-align: center;\">Pref. Municipal de Descoberto x Get\u00falio de Mendon\u00e7a Machado 329.884.816-72 &#8211; Objeto: Aquisi\u00e7\u00e3o de um ve\u00edculo de transporte de passageiros (seminovo), capacidade m\u00ednima de 09 passageiros \u2013 Fundamento: Dispensa 003\/2018- \u00a0\u00a0Valor Global: 31.500,00 &#8211; Vig\u00eancia: 1 m\u00eas- Dot or\u00e7: 02.04002.12.361.0003.153-449052\/101 &#8211; Ass: 11\/06\/18- Foro: S\u00e3o Jo\u00e3o Nepomuceno\/MG.<\/p>\n<p style=\"text-align: center;\"><strong>Marcos de Ara\u00fajo Lima<\/strong><\/p>\n<p style=\"text-align: center;\"><strong>Prefeito Municipal<\/strong><\/p>\n","protected":false},"excerpt":{"rendered":"<p>RETIFICA\u00c7\u00c3O DE EXTRATO DE CONTRATO Pref. Municipal de Descoberto x Get\u00falio de Mendon\u00e7a Machado 329.884.816-72 &#8211; Objeto: Aquisi\u00e7\u00e3o de um ve\u00edculo de transporte de passageiros (seminovo), capacidade m\u00ednima de 09 passageiros \u2013 Fundamento: Dispensa 003\/2018- \u00a0\u00a0Valor Global: 31.500,00 &#8211; Vig\u00eancia: 1 m\u00eas- Dot or\u00e7: 02.04002.12.361.0003.153-449052\/101 &#8211; Ass: 11\/06\/18- Foro: S\u00e3o Jo\u00e3o Nepomuceno\/MG. Marcos de Ara\u00fajo [&hellip;]<\/p>\n","protected":false},"author":96,"featured_media":0,"comment_status":"closed","ping_status":"closed","sticky":false,"template":"","format":"standard","meta":{"footnotes":""},"categories":[307],"tags":[],"class_list":["post-109709","post","type-post","status-publish","format-standard","hentry","category-editais"],"_links":{"self":[{"href":"https:\/\/diarioregionaldigital.com.br\/index.php?rest_route=\/wp\/v2\/posts\/109709","targetHints":{"allow":["GET"]}}],"collection":[{"href":"https:\/\/diarioregionaldigital.com.br\/index.php?rest_route=\/wp\/v2\/posts"}],"about":[{"href":"https:\/\/diarioregionaldigital.com.br\/index.php?rest_route=\/wp\/v2\/types\/post"}],"author":[{"embeddable":true,"href":"https:\/\/diarioregionaldigital.com.br\/index.php?rest_route=\/wp\/v2\/users\/96"}],"replies":[{"embeddable":true,"href":"https:\/\/diarioregionaldigital.com.br\/index.php?rest_route=%2Fwp%2Fv2%2Fcomments&post=109709"}],"version-history":[{"count":0,"href":"https:\/\/diarioregionaldigital.com.br\/index.php?rest_route=\/wp\/v2\/posts\/109709\/revisions"}],"wp:attachment":[{"href":"https:\/\/diarioregionaldigital.com.br\/index.php?rest_route=%2Fwp%2Fv2%2Fmedia&parent=109709"}],"wp:term":[{"taxonomy":"category","embeddable":true,"href":"https:\/\/diarioregionaldigital.com.br\/index.php?rest_route=%2Fwp%2Fv2%2Fcategories&post=109709"},{"taxonomy":"post_tag","embeddable":true,"href":"https:\/\/diarioregionaldigital.com.br\/index.php?rest_route=%2Fwp%2Fv2%2Ftags&post=109709"}],"curies":[{"name":"wp","href":"https:\/\/api.w.org\/{rel}","templated":true}]}}