{"id":109707,"date":"2018-06-29T06:25:57","date_gmt":"2018-06-29T09:25:57","guid":{"rendered":"http:\/\/diarioregionaljf.com.br\/?p=109707"},"modified":"2018-06-28T23:01:42","modified_gmt":"2018-06-29T02:01:42","slug":"solidariedade","status":"publish","type":"post","link":"https:\/\/diarioregionaldigital.com.br\/?p=109707","title":{"rendered":"Solidariedade"},"content":{"rendered":"<p style=\"text-align: center;\"><strong>Social<\/strong><\/p>\n<p style=\"text-align: center;\">O chanceler do C\u00edrculo Mon\u00e1rquico de Juiz de Fora Ohannes Kabderian J\u00fanior e Nathan Ramalho secret\u00e1rio do mesmo C.M.J.F. estiveram presentes ao XXVIII Encontro Mon\u00e1rquico no Rio de Janeiro no Hotel Windsor Fl\u00f3rida no Flamengo para o encontro que reuniu lideran\u00e7as mon\u00e1rquicas de todo o Brasil. No dia seguinte assistiram Missa em A\u00e7\u00e3o de Gra\u00e7as no Outeiro da Gl\u00f3ria pelos 80 anos do Pr\u00edncipe Dom Luiz de Orleans e Bragan\u00e7a, chefe da Casa Imperial do Brasil.<\/p>\n<p style=\"text-align: center;\"><strong>Solidariedade<\/strong><\/p>\n<p style=\"text-align: center;\">A Concess\u00e3o Interna de Preven\u00e7\u00e3o de Acidentes da Santa Casa de Juiz de Fora est\u00e1 promovendo a campanha \u201cAque\u00e7a um cora\u00e7\u00e3o. Doe Agasalho\u201d para aquecer o inverno de pessoas assistidas pelo Abrigo Santa Helena e pela Capela Senhor dos Passos. As doa\u00e7\u00f5es devem ser deixadas no setor de Seguran\u00e7a do Trabalho, que fica em frente a portaria principal do hospital.<\/p>\n<p style=\"text-align: center;\"><strong>CES\/JF<\/strong><\/p>\n<p style=\"text-align: center;\">O Centro de Ensino Superior de Juiz de Fora (CES\/JF) est\u00e1 com matr\u00edculas abertas para dois novos cursos de p\u00f3s-gradua\u00e7\u00e3o na \u00e1rea de Psicologia. S\u00e3o eles: Psicologia em Sa\u00fade e Teoria Psicanal\u00edtica: Cl\u00ednica e Cultura. Sob coordena\u00e7\u00e3o da professora Regina Castelo, a especializa\u00e7\u00e3o Teoria Psicanal\u00edtica objetiva consolidar os conhecimentos a respeito dos fundamentos t\u00e9cnicos e te\u00f3ricos que norteiam a pr\u00e1tica cl\u00ednica, com frentes de atua\u00e7\u00e3o que se abrem para a Psican\u00e1lise e \u00e0s novas formas de la\u00e7os sociais da contemporaneidade.<\/p>\n<p>&nbsp;<\/p>\n<div id=\"attachment_109693\" style=\"width: 690px\" class=\"wp-caption aligncenter\"><img loading=\"lazy\" decoding=\"async\" aria-describedby=\"caption-attachment-109693\" class=\"wp-image-109693\" src=\"http:\/\/diarioregionaljf.com.br\/wp-content\/uploads\/2018\/06\/fotob-17.jpg\" alt=\"\" width=\"680\" height=\"453\" srcset=\"https:\/\/diarioregionaldigital.com.br\/wp-content\/uploads\/2018\/06\/fotob-17.jpg 960w, https:\/\/diarioregionaldigital.com.br\/wp-content\/uploads\/2018\/06\/fotob-17-300x200.jpg 300w, https:\/\/diarioregionaldigital.com.br\/wp-content\/uploads\/2018\/06\/fotob-17-768x512.jpg 768w, https:\/\/diarioregionaldigital.com.br\/wp-content\/uploads\/2018\/06\/fotob-17-360x240.jpg 360w\" sizes=\"auto, (max-width: 680px) 100vw, 680px\" \/><p id=\"caption-attachment-109693\" class=\"wp-caption-text\">Em fino coquetel na Natuzzi do Spazio Design, Eliane Estanislau, Welliton Soares, Isabel Barros e Jonatas Willemen<\/p><\/div>\n<div id=\"attachment_109692\" style=\"width: 690px\" class=\"wp-caption aligncenter\"><img loading=\"lazy\" decoding=\"async\" aria-describedby=\"caption-attachment-109692\" class=\"wp-image-109692\" src=\"http:\/\/diarioregionaljf.com.br\/wp-content\/uploads\/2018\/06\/fotoa-14-e1530218975435.jpg\" alt=\"\" width=\"680\" height=\"907\" \/><p id=\"caption-attachment-109692\" class=\"wp-caption-text\">A deslumbrante B\u00e1rbara Moreira produzida por Paulinho Honoratto, para noite Tudo Lindo<\/p><\/div>\n<div id=\"attachment_109696\" style=\"width: 690px\" class=\"wp-caption aligncenter\"><img loading=\"lazy\" decoding=\"async\" aria-describedby=\"caption-attachment-109696\" class=\"wp-image-109696\" src=\"http:\/\/diarioregionaljf.com.br\/wp-content\/uploads\/2018\/06\/fotoe-14.jpg\" alt=\"\" width=\"680\" height=\"595\" srcset=\"https:\/\/diarioregionaldigital.com.br\/wp-content\/uploads\/2018\/06\/fotoe-14.jpg 400w, https:\/\/diarioregionaldigital.com.br\/wp-content\/uploads\/2018\/06\/fotoe-14-300x263.jpg 300w, https:\/\/diarioregionaldigital.com.br\/wp-content\/uploads\/2018\/06\/fotoe-14-360x315.jpg 360w\" sizes=\"auto, (max-width: 680px) 100vw, 680px\" \/><p id=\"caption-attachment-109696\" class=\"wp-caption-text\">Mulheres-rainha no Estrela Sul, Sheila Guedes, Vanda Cruz, Vit\u00f3ria Cruz e Keller Cruz<\/p><\/div>\n<div id=\"attachment_109694\" style=\"width: 690px\" class=\"wp-caption aligncenter\"><img loading=\"lazy\" decoding=\"async\" aria-describedby=\"caption-attachment-109694\" class=\"wp-image-109694\" src=\"http:\/\/diarioregionaljf.com.br\/wp-content\/uploads\/2018\/06\/fotoc-13-e1530218328368.jpg\" alt=\"\" width=\"680\" height=\"545\" srcset=\"https:\/\/diarioregionaldigital.com.br\/wp-content\/uploads\/2018\/06\/fotoc-13-e1530218328368.jpg 623w, https:\/\/diarioregionaldigital.com.br\/wp-content\/uploads\/2018\/06\/fotoc-13-e1530218328368-300x240.jpg 300w, https:\/\/diarioregionaldigital.com.br\/wp-content\/uploads\/2018\/06\/fotoc-13-e1530218328368-360x288.jpg 360w\" sizes=\"auto, (max-width: 680px) 100vw, 680px\" \/><p id=\"caption-attachment-109694\" class=\"wp-caption-text\">Direto de Cataguases, o charme e eleg\u00e2ncia de Richard Ara\u00fajo<\/p><\/div>\n<div id=\"attachment_109698\" style=\"width: 690px\" class=\"wp-caption aligncenter\"><img loading=\"lazy\" decoding=\"async\" aria-describedby=\"caption-attachment-109698\" class=\"wp-image-109698\" src=\"http:\/\/diarioregionaljf.com.br\/wp-content\/uploads\/2018\/06\/fotog-12.jpg\" alt=\"\" width=\"680\" height=\"510\" srcset=\"https:\/\/diarioregionaldigital.com.br\/wp-content\/uploads\/2018\/06\/fotog-12.jpg 960w, https:\/\/diarioregionaldigital.com.br\/wp-content\/uploads\/2018\/06\/fotog-12-300x225.jpg 300w, https:\/\/diarioregionaldigital.com.br\/wp-content\/uploads\/2018\/06\/fotog-12-768x576.jpg 768w, https:\/\/diarioregionaldigital.com.br\/wp-content\/uploads\/2018\/06\/fotog-12-360x270.jpg 360w\" sizes=\"auto, (max-width: 680px) 100vw, 680px\" \/><p id=\"caption-attachment-109698\" class=\"wp-caption-text\">Em noite cultural no Excalibur, Cl\u00e1udia Matos, Alessandra Chrispim e Simone Miranda<\/p><\/div>\n<div id=\"attachment_109701\" style=\"width: 690px\" class=\"wp-caption aligncenter\"><img loading=\"lazy\" decoding=\"async\" aria-describedby=\"caption-attachment-109701\" class=\"wp-image-109701\" src=\"http:\/\/diarioregionaljf.com.br\/wp-content\/uploads\/2018\/06\/fotoi-13.jpg\" alt=\"\" width=\"680\" height=\"510\" \/><p id=\"caption-attachment-109701\" class=\"wp-caption-text\">Homenageados na C\u00e2mara Municipal Rondinely e Sidney Vieira com Nicolas e Erc\u00edlia Vieira e o vereador Andr\u00e9 Mariano<\/p><\/div>\n<div id=\"attachment_109702\" style=\"width: 690px\" class=\"wp-caption aligncenter\"><img loading=\"lazy\" decoding=\"async\" aria-describedby=\"caption-attachment-109702\" class=\"wp-image-109702\" src=\"http:\/\/diarioregionaljf.com.br\/wp-content\/uploads\/2018\/06\/fotoj-16.jpg\" alt=\"\" width=\"680\" height=\"477\" srcset=\"https:\/\/diarioregionaldigital.com.br\/wp-content\/uploads\/2018\/06\/fotoj-16.jpg 960w, https:\/\/diarioregionaldigital.com.br\/wp-content\/uploads\/2018\/06\/fotoj-16-300x210.jpg 300w, https:\/\/diarioregionaldigital.com.br\/wp-content\/uploads\/2018\/06\/fotoj-16-768x539.jpg 768w, https:\/\/diarioregionaldigital.com.br\/wp-content\/uploads\/2018\/06\/fotoj-16-360x253.jpg 360w, https:\/\/diarioregionaldigital.com.br\/wp-content\/uploads\/2018\/06\/fotoj-16-100x70.jpg 100w\" sizes=\"auto, (max-width: 680px) 100vw, 680px\" \/><p id=\"caption-attachment-109702\" class=\"wp-caption-text\">Na Mostra Jade de Decora\u00e7\u00e3o no Spazio Design, os elegantes Celinho Vidal, Aid\u00ea Galil, Luc\u00edola Gon\u00e7alves e Myrliane Le\u00e3o<\/p><\/div>\n<div id=\"attachment_109703\" style=\"width: 690px\" class=\"wp-caption aligncenter\"><img loading=\"lazy\" decoding=\"async\" aria-describedby=\"caption-attachment-109703\" class=\"wp-image-109703\" src=\"http:\/\/diarioregionaljf.com.br\/wp-content\/uploads\/2018\/06\/fotod-15.jpg\" alt=\"\" width=\"680\" height=\"510\" srcset=\"https:\/\/diarioregionaldigital.com.br\/wp-content\/uploads\/2018\/06\/fotod-15.jpg 960w, https:\/\/diarioregionaldigital.com.br\/wp-content\/uploads\/2018\/06\/fotod-15-300x225.jpg 300w, https:\/\/diarioregionaldigital.com.br\/wp-content\/uploads\/2018\/06\/fotod-15-768x576.jpg 768w, https:\/\/diarioregionaldigital.com.br\/wp-content\/uploads\/2018\/06\/fotod-15-360x270.jpg 360w\" sizes=\"auto, (max-width: 680px) 100vw, 680px\" \/><p id=\"caption-attachment-109703\" class=\"wp-caption-text\">Leila Ribeiro absoluta no F\u00e1tima Buffet<\/p><\/div>\n<div id=\"attachment_109706\" style=\"width: 690px\" class=\"wp-caption aligncenter\"><img loading=\"lazy\" decoding=\"async\" aria-describedby=\"caption-attachment-109706\" class=\"wp-image-109706\" src=\"http:\/\/diarioregionaljf.com.br\/wp-content\/uploads\/2018\/06\/fotoh-18-e1530218398641.jpg\" alt=\"\" width=\"680\" height=\"680\" \/><p id=\"caption-attachment-109706\" class=\"wp-caption-text\">Fazendo empreendedorismo saud\u00e1vel, Marcelo, Heitor Vilella, o empres\u00e1rio e candidato ao governo de Minas, Romeu Zema, a premiada Marcelle Oliveira e Fred Miana<\/p><\/div>\n<div id=\"attachment_109705\" style=\"width: 690px\" class=\"wp-caption aligncenter\"><img loading=\"lazy\" decoding=\"async\" aria-describedby=\"caption-attachment-109705\" class=\"wp-image-109705\" src=\"http:\/\/diarioregionaljf.com.br\/wp-content\/uploads\/2018\/06\/fotof-17.jpg\" alt=\"\" width=\"680\" height=\"356\" srcset=\"https:\/\/diarioregionaldigital.com.br\/wp-content\/uploads\/2018\/06\/fotof-17.jpg 1080w, https:\/\/diarioregionaldigital.com.br\/wp-content\/uploads\/2018\/06\/fotof-17-300x157.jpg 300w, https:\/\/diarioregionaldigital.com.br\/wp-content\/uploads\/2018\/06\/fotof-17-768x402.jpg 768w, https:\/\/diarioregionaldigital.com.br\/wp-content\/uploads\/2018\/06\/fotof-17-1024x536.jpg 1024w, https:\/\/diarioregionaldigital.com.br\/wp-content\/uploads\/2018\/06\/fotof-17-360x188.jpg 360w\" sizes=\"auto, (max-width: 680px) 100vw, 680px\" \/><p id=\"caption-attachment-109705\" class=\"wp-caption-text\">Gente antenada na orla do Theatro Central, Marc\u00edlio Gomes, Lorena Rodrigues, Carlos Franco, Margareth Britto e Diley Almeida<\/p><\/div>\n<p style=\"text-align: center;\"><strong>FOTOSS\u00cdNTESE<\/strong><\/p>\n<p>No s\u00e1bado, 30 de junho, todos est\u00e3o convocados, a partir das 14h, para o Arrai\u00e1 da Gabizoca na Pra\u00e7a do Graja\u00fa.<\/p>\n<p>Nesta sexta-feira, 29, \u00e9 comemorado o Dia de S\u00e3o Pedro. Se voc\u00ea exagerou na cervejinha acompanhando os jogos da Copa do Mundo e quer curar a ressaca, abuse da \u00e1gua de coco e frutas como banana, laranja, acerola e mel\u00e3o. \u00c9 tiro e queda, indica a nutricionista Mary Tabet.<\/p>\n<p>O apresentador L\u00e9o Peixoto faz evento no dia 7 de julho, \u00e0s 14h, no restaurante Salvaterra que recebe o Anivers\u00e1rio Solid\u00e1rio, com parte da renda para a Ascomcer.<\/p>\n<p>Agendado para 4 de agosto, \u00e0s 19h, o Grande Arrai\u00e1 da Butterfly Tour.<\/p>\n<p>Para o s\u00e1bado, 30 de junho, os produtores Maira Delgado e Willian Torga recebe o evento Serra Rock, no La Gruta Pub, em Ibitipoca. Em cena barulho total, as bandas Hometown (Petr\u00f3polis-RJ) e os Us V\u00e9i com Jacqueline Gribel e Val\u00e9rio Nicolatino.<\/p>\n<p>O jornalista, publicit\u00e1rio e ex-aluno da Est\u00e1cio, Maur\u00edcio Dias criou a campanha \u201cBagulhos sinistros\u201d para a NetFlix e faturou dois Le\u00f5es em Cannes nas categorias Enterntainmen e Media. O festival de Cannes na \u00e1rea de m\u00eddia \u00e9 o maior do mundo.<\/p>\n<p>A Mostra Jade 2018 de decora\u00e7\u00e3o contou com parcerias da Krystal (ilumina\u00e7\u00e3o) e Fontesville (revestimento e persianas). O coquetel de inaugura\u00e7\u00e3o levou a assinatura do refinado Celinho Vidal.<\/p>\n<p>Gente chique marcou presen\u00e7a no show do Roupa Nova no Terrazzo, reunindo Jos\u00e9 Rocha e Catarina Alves, Denise e Jos\u00e9 Geraldo Santos, Denise Rezende e Jorge Her\u00e9dia.<\/p>\n<p>O Cultural vai estremecer no s\u00e1bado, 30 de junho, \u00e0s 14h, com muito samba no evento Tarde Milagrosa do Come Quieto.<\/p>\n<p>O Mister Juiz de Fora 2018 Felipe Guzzo e a Miss Juiz de Fora Maria Eduarda Azevedo est\u00e3o em intensos preparativos para o Miss e Mister Minas Gerais.<\/p>\n<p>Para sinalizar: Quem dorme sonha&#8230; quem trabalha conquista! Bom dia.<\/p>\n","protected":false},"excerpt":{"rendered":"<p>Social O chanceler do C\u00edrculo Mon\u00e1rquico de Juiz de Fora Ohannes Kabderian J\u00fanior e Nathan Ramalho secret\u00e1rio do mesmo C.M.J.F. estiveram presentes ao XXVIII Encontro Mon\u00e1rquico no Rio de Janeiro no Hotel Windsor Fl\u00f3rida no Flamengo para o encontro que reuniu lideran\u00e7as mon\u00e1rquicas de todo o Brasil. No dia seguinte assistiram Missa em A\u00e7\u00e3o de [&hellip;]<\/p>\n","protected":false},"author":96,"featured_media":109693,"comment_status":"closed","ping_status":"closed","sticky":false,"template":"","format":"standard","meta":{"footnotes":""},"categories":[264],"tags":[],"class_list":["post-109707","post","type-post","status-publish","format-standard","has-post-thumbnail","hentry","category-eduardo-gomes"],"_links":{"self":[{"href":"https:\/\/diarioregionaldigital.com.br\/index.php?rest_route=\/wp\/v2\/posts\/109707","targetHints":{"allow":["GET"]}}],"collection":[{"href":"https:\/\/diarioregionaldigital.com.br\/index.php?rest_route=\/wp\/v2\/posts"}],"about":[{"href":"https:\/\/diarioregionaldigital.com.br\/index.php?rest_route=\/wp\/v2\/types\/post"}],"author":[{"embeddable":true,"href":"https:\/\/diarioregionaldigital.com.br\/index.php?rest_route=\/wp\/v2\/users\/96"}],"replies":[{"embeddable":true,"href":"https:\/\/diarioregionaldigital.com.br\/index.php?rest_route=%2Fwp%2Fv2%2Fcomments&post=109707"}],"version-history":[{"count":0,"href":"https:\/\/diarioregionaldigital.com.br\/index.php?rest_route=\/wp\/v2\/posts\/109707\/revisions"}],"wp:featuredmedia":[{"embeddable":true,"href":"https:\/\/diarioregionaldigital.com.br\/index.php?rest_route=\/wp\/v2\/media\/109693"}],"wp:attachment":[{"href":"https:\/\/diarioregionaldigital.com.br\/index.php?rest_route=%2Fwp%2Fv2%2Fmedia&parent=109707"}],"wp:term":[{"taxonomy":"category","embeddable":true,"href":"https:\/\/diarioregionaldigital.com.br\/index.php?rest_route=%2Fwp%2Fv2%2Fcategories&post=109707"},{"taxonomy":"post_tag","embeddable":true,"href":"https:\/\/diarioregionaldigital.com.br\/index.php?rest_route=%2Fwp%2Fv2%2Ftags&post=109707"}],"curies":[{"name":"wp","href":"https:\/\/api.w.org\/{rel}","templated":true}]}}