{"id":109690,"date":"2018-06-28T16:48:47","date_gmt":"2018-06-28T19:48:47","guid":{"rendered":"http:\/\/diarioregionaljf.com.br\/?p=109690"},"modified":"2018-06-28T16:48:47","modified_gmt":"2018-06-28T19:48:47","slug":"homem-e-preso-por-trafico-de-drogas-no-bairro-caicaras","status":"publish","type":"post","link":"https:\/\/diarioregionaldigital.com.br\/?p=109690","title":{"rendered":"Homem \u00e9 preso por tr\u00e1fico de drogas no Bairro Cai\u00e7aras"},"content":{"rendered":"<p>Durante uma ronda policial no bairro Cai\u00e7aras, Cidade Alta, nessa quarta-feira, 27, militares da Pol\u00edcia Militar avistaram um individuo com atitude suspeita saindo com uma moto toda apagada de uma casa onde, conforme a corpora\u00e7\u00e3o, fica pr\u00f3ximo a um conhecido ponto de venda de drogas.<\/p>\n<p>Ao avistar os policiais, o rapaz, que n\u00e3o teve idade divulgada, tentou fugir, mas perdeu o controle da moto durante a fuga. Em seguida, tirou um objeto da cintura e o jogou em um matagal.<\/p>\n<p>O canil foi acionado para auxiliar nas buscas, sendo localizada uma arma de calibre 38 com a numera\u00e7\u00e3o raspada.<\/p>\n<p>Ainda foram encontradas na casa do suspeito mais materiais il\u00edcitos, sendo no total apreendido, al\u00e9m do rev\u00f3lver, seis cartuchos intactos, uma balan\u00e7a de precis\u00e3o, uma grande quantidade de drogas e R$6.163,00 em moeda corrente.<\/p>\n<p>O homem foi preso em flagrante e encaminhado \u00e0 delegacia.<\/p>\n<p>&nbsp;<\/p>\n<p>&nbsp;<\/p>\n<p>Fonte: Assessoria da PM<\/p>\n","protected":false},"excerpt":{"rendered":"<p>Durante uma ronda policial no bairro Cai\u00e7aras, Cidade Alta, nessa quarta-feira, 27, militares da Pol\u00edcia Militar avistaram um individuo com atitude suspeita saindo com uma moto toda apagada de uma casa onde, conforme a corpora\u00e7\u00e3o, fica pr\u00f3ximo a um conhecido ponto de venda de drogas. Ao avistar os policiais, o rapaz, que n\u00e3o teve idade [&hellip;]<\/p>\n","protected":false},"author":96,"featured_media":109691,"comment_status":"closed","ping_status":"closed","sticky":false,"template":"","format":"standard","meta":{"footnotes":""},"categories":[301],"tags":[],"class_list":["post-109690","post","type-post","status-publish","format-standard","has-post-thumbnail","hentry","category-artigos-policiais"],"_links":{"self":[{"href":"https:\/\/diarioregionaldigital.com.br\/index.php?rest_route=\/wp\/v2\/posts\/109690","targetHints":{"allow":["GET"]}}],"collection":[{"href":"https:\/\/diarioregionaldigital.com.br\/index.php?rest_route=\/wp\/v2\/posts"}],"about":[{"href":"https:\/\/diarioregionaldigital.com.br\/index.php?rest_route=\/wp\/v2\/types\/post"}],"author":[{"embeddable":true,"href":"https:\/\/diarioregionaldigital.com.br\/index.php?rest_route=\/wp\/v2\/users\/96"}],"replies":[{"embeddable":true,"href":"https:\/\/diarioregionaldigital.com.br\/index.php?rest_route=%2Fwp%2Fv2%2Fcomments&post=109690"}],"version-history":[{"count":0,"href":"https:\/\/diarioregionaldigital.com.br\/index.php?rest_route=\/wp\/v2\/posts\/109690\/revisions"}],"wp:featuredmedia":[{"embeddable":true,"href":"https:\/\/diarioregionaldigital.com.br\/index.php?rest_route=\/wp\/v2\/media\/109691"}],"wp:attachment":[{"href":"https:\/\/diarioregionaldigital.com.br\/index.php?rest_route=%2Fwp%2Fv2%2Fmedia&parent=109690"}],"wp:term":[{"taxonomy":"category","embeddable":true,"href":"https:\/\/diarioregionaldigital.com.br\/index.php?rest_route=%2Fwp%2Fv2%2Fcategories&post=109690"},{"taxonomy":"post_tag","embeddable":true,"href":"https:\/\/diarioregionaldigital.com.br\/index.php?rest_route=%2Fwp%2Fv2%2Ftags&post=109690"}],"curies":[{"name":"wp","href":"https:\/\/api.w.org\/{rel}","templated":true}]}}