{"id":109685,"date":"2018-06-28T16:17:07","date_gmt":"2018-06-28T19:17:07","guid":{"rendered":"http:\/\/diarioregionaljf.com.br\/?p=109685"},"modified":"2018-06-28T16:19:32","modified_gmt":"2018-06-28T19:19:32","slug":"tse-assina-memorando-com-facebook-e-google-contra-fake-news","status":"publish","type":"post","link":"https:\/\/diarioregionaldigital.com.br\/?p=109685","title":{"rendered":"TSE assina memorando com Facebook e Google contra fake news"},"content":{"rendered":"<p>O Tribunal Superior Eleitoral (TSE) assinou nessa quinta-feira, 28, um memorando de entendimento com o Facebook e o Google para evitar a prolifera\u00e7\u00e3o de not\u00edcias falsas (<em>fake news<\/em>) no per\u00edodo eleitoral.<\/p>\n<p>As empresas se comprometeram a \u201ccombater a desinforma\u00e7\u00e3o gerada por terceiros\u201d, observando para isso o cumprimento a normas internacionais de direitos humanos e \u00e0s boas pr\u00e1ticas da ind\u00fastria.<\/p>\n<p>O documento de apenas duas p\u00e1ginas, no entanto, n\u00e3o detalha nenhuma iniciativa nesse sentido, dizendo apenas que o combate se dar\u00e1 por meio de \u201cpreven\u00e7\u00e3o de pr\u00e1ticas dolosas de desinforma\u00e7\u00e3o, projetos de fomento \u00e0 educa\u00e7\u00e3o digital e iniciativas que promovam o jornalismo de qualidade\u201d.<\/p>\n<p>Outro memorando foi assinado tamb\u00e9m com a Associa\u00e7\u00e3o Brasileira de Emissoras de R\u00e1dio e Televis\u00e3o (Abert), com o mesmo objetivo de combater as <em>fake news<\/em>.<\/p>\n<p>O presidente do TSE, ministro Luiz Fux, participou de solenidade em que os documentos foram assinados nesta quinta-feira. No in\u00edcio deste m\u00eas, ele firmou acordo semelhante com representantes de partidos pol\u00edticos, que se comprometeram a \u201cmanter um ambiente eleitoral imune de dissemina\u00e7\u00e3o de not\u00edcias falsas\u201d.<\/p>\n<p>&nbsp;<\/p>\n<p>Fonte: Ag\u00eancia Brasil<\/p>\n","protected":false},"excerpt":{"rendered":"<p>O Tribunal Superior Eleitoral (TSE) assinou nessa quinta-feira, 28, um memorando de entendimento com o Facebook e o Google para evitar a prolifera\u00e7\u00e3o de not\u00edcias falsas (fake news) no per\u00edodo eleitoral. As empresas se comprometeram a \u201ccombater a desinforma\u00e7\u00e3o gerada por terceiros\u201d, observando para isso o cumprimento a normas internacionais de direitos humanos e \u00e0s [&hellip;]<\/p>\n","protected":false},"author":96,"featured_media":109688,"comment_status":"closed","ping_status":"closed","sticky":false,"template":"","format":"standard","meta":{"footnotes":""},"categories":[254,439],"tags":[],"class_list":["post-109685","post","type-post","status-publish","format-standard","has-post-thumbnail","hentry","category-politica","category-ultima-hora"],"_links":{"self":[{"href":"https:\/\/diarioregionaldigital.com.br\/index.php?rest_route=\/wp\/v2\/posts\/109685","targetHints":{"allow":["GET"]}}],"collection":[{"href":"https:\/\/diarioregionaldigital.com.br\/index.php?rest_route=\/wp\/v2\/posts"}],"about":[{"href":"https:\/\/diarioregionaldigital.com.br\/index.php?rest_route=\/wp\/v2\/types\/post"}],"author":[{"embeddable":true,"href":"https:\/\/diarioregionaldigital.com.br\/index.php?rest_route=\/wp\/v2\/users\/96"}],"replies":[{"embeddable":true,"href":"https:\/\/diarioregionaldigital.com.br\/index.php?rest_route=%2Fwp%2Fv2%2Fcomments&post=109685"}],"version-history":[{"count":0,"href":"https:\/\/diarioregionaldigital.com.br\/index.php?rest_route=\/wp\/v2\/posts\/109685\/revisions"}],"wp:featuredmedia":[{"embeddable":true,"href":"https:\/\/diarioregionaldigital.com.br\/index.php?rest_route=\/wp\/v2\/media\/109688"}],"wp:attachment":[{"href":"https:\/\/diarioregionaldigital.com.br\/index.php?rest_route=%2Fwp%2Fv2%2Fmedia&parent=109685"}],"wp:term":[{"taxonomy":"category","embeddable":true,"href":"https:\/\/diarioregionaldigital.com.br\/index.php?rest_route=%2Fwp%2Fv2%2Fcategories&post=109685"},{"taxonomy":"post_tag","embeddable":true,"href":"https:\/\/diarioregionaldigital.com.br\/index.php?rest_route=%2Fwp%2Fv2%2Ftags&post=109685"}],"curies":[{"name":"wp","href":"https:\/\/api.w.org\/{rel}","templated":true}]}}