{"id":109683,"date":"2018-06-28T16:05:30","date_gmt":"2018-06-28T19:05:30","guid":{"rendered":"http:\/\/diarioregionaljf.com.br\/?p=109683"},"modified":"2018-06-28T16:05:30","modified_gmt":"2018-06-28T19:05:30","slug":"temer-assina-decreto-que-reserva-30-de-vagas-de-estagio-para-negros","status":"publish","type":"post","link":"https:\/\/diarioregionaldigital.com.br\/?p=109683","title":{"rendered":"Temer assina decreto que reserva 30% de vagas de est\u00e1gio para negros"},"content":{"rendered":"<p>O presidente Michel Temer disse nessa quinta-feira, 28, que \u201ca hist\u00f3ria \u00e9 que vai registrar\u201d o que aconteceu durante o per\u00edodo de seu governo no comando do pa\u00eds. Segundo Temer, ao assumir o cargo foram estabelecidos tr\u00eas conceitos fundamentais que s\u00e3o o di\u00e1logo, a responsabilidade fiscal e a responsabilidade social.<\/p>\n<p>A declara\u00e7\u00e3o foi feita no dia em que foi divulgada a\u00a0<a href=\"http:\/\/agenciabrasil.ebc.com.br\/politica\/noticia\/2018-06\/pesquisa-cni-ibope-aponta-recuo-na-confianca-do-governo-de-8-para-6\">pesquisa CNI-Ibope<\/a>\u00a0apontando que o percentual de confian\u00e7a no governo Michel Temer recuou de mar\u00e7o para junho, passando de 8% para 6%.<\/p>\n<p>Temer discursou no evento de assinatura do decreto que prev\u00ea a reservada de 30% das vagas em processos de sele\u00e7\u00e3o de est\u00e1gio e na contrata\u00e7\u00e3o de jovens aprendizes no servi\u00e7o p\u00fablico para estudantes negros.<\/p>\n<p>Ao dizer que pediu aos dirigentes de empresas do governo federal que assinem o termo de compromisso da reserva de vagas, ele declarou: \u201cA hist\u00f3ria \u00e9 que vai registrar, que vai dizer o que aconteceu nesses dois anos, dois anos e meio de governo. Ent\u00e3o, eu digo: as palavras voam, mas o escrito permanece. Por isso pedi a todos que assinassem esse documento\u201d.<\/p>\n<p>Segundo ele, ao longo de sua atua\u00e7\u00e3o no comando do pa\u00eds, foi feito muito mais que em anos anteriores. Ele citou a\u00e7\u00f5es na \u00e1rea social como a manuten\u00e7\u00e3o do Bolsa Fam\u00edlia e os reajustes no valor do benef\u00edcio. \u201cAqui no Brasil quando voc\u00ea tem um programa chega um novo governo e a tentativa \u00e9 de destruir o que o governo anterior fez. N\u00f3s, pautados pela modernidade pol\u00edtica, fizemos o contr\u00e1rio, os programas que s\u00e3o bons, continuamos\u201d, disse.<\/p>\n<p>Temer tamb\u00e9m mencionou o esfor\u00e7o para manter a responsabilidade fiscal com medidas como as reformas propostas pelo governo. Durante sua gest\u00e3o foi aprovada a reforma trabalhista e proposta a reforma da Previd\u00eancia, por exemplo.<\/p>\n<p>Pelo decreto assinado nessa quinta por Temer, em cerim\u00f4nia no Pal\u00e1cio do Planalto, a reserva de 30% das vagas para jovens negros em est\u00e1gios e programas de aprendizado ser\u00e1 aplicada na administra\u00e7\u00e3o p\u00fablica, autarquias, funda\u00e7\u00f5es p\u00fablicas e sociedades de economia mista controladas pela Uni\u00e3o.<\/p>\n<p>&nbsp;<\/p>\n<p>&nbsp;<\/p>\n<p>Fonte: Ag\u00eancia Brasil<\/p>\n","protected":false},"excerpt":{"rendered":"<p>O presidente Michel Temer disse nessa quinta-feira, 28, que \u201ca hist\u00f3ria \u00e9 que vai registrar\u201d o que aconteceu durante o per\u00edodo de seu governo no comando do pa\u00eds. Segundo Temer, ao assumir o cargo foram estabelecidos tr\u00eas conceitos fundamentais que s\u00e3o o di\u00e1logo, a responsabilidade fiscal e a responsabilidade social. A declara\u00e7\u00e3o foi feita no [&hellip;]<\/p>\n","protected":false},"author":96,"featured_media":105907,"comment_status":"closed","ping_status":"closed","sticky":false,"template":"","format":"standard","meta":{"footnotes":""},"categories":[302,439],"tags":[],"class_list":["post-109683","post","type-post","status-publish","format-standard","has-post-thumbnail","hentry","category-brasil-mundo","category-ultima-hora"],"_links":{"self":[{"href":"https:\/\/diarioregionaldigital.com.br\/index.php?rest_route=\/wp\/v2\/posts\/109683","targetHints":{"allow":["GET"]}}],"collection":[{"href":"https:\/\/diarioregionaldigital.com.br\/index.php?rest_route=\/wp\/v2\/posts"}],"about":[{"href":"https:\/\/diarioregionaldigital.com.br\/index.php?rest_route=\/wp\/v2\/types\/post"}],"author":[{"embeddable":true,"href":"https:\/\/diarioregionaldigital.com.br\/index.php?rest_route=\/wp\/v2\/users\/96"}],"replies":[{"embeddable":true,"href":"https:\/\/diarioregionaldigital.com.br\/index.php?rest_route=%2Fwp%2Fv2%2Fcomments&post=109683"}],"version-history":[{"count":0,"href":"https:\/\/diarioregionaldigital.com.br\/index.php?rest_route=\/wp\/v2\/posts\/109683\/revisions"}],"wp:featuredmedia":[{"embeddable":true,"href":"https:\/\/diarioregionaldigital.com.br\/index.php?rest_route=\/wp\/v2\/media\/105907"}],"wp:attachment":[{"href":"https:\/\/diarioregionaldigital.com.br\/index.php?rest_route=%2Fwp%2Fv2%2Fmedia&parent=109683"}],"wp:term":[{"taxonomy":"category","embeddable":true,"href":"https:\/\/diarioregionaldigital.com.br\/index.php?rest_route=%2Fwp%2Fv2%2Fcategories&post=109683"},{"taxonomy":"post_tag","embeddable":true,"href":"https:\/\/diarioregionaldigital.com.br\/index.php?rest_route=%2Fwp%2Fv2%2Ftags&post=109683"}],"curies":[{"name":"wp","href":"https:\/\/api.w.org\/{rel}","templated":true}]}}