{"id":109681,"date":"2018-06-28T15:51:30","date_gmt":"2018-06-28T18:51:30","guid":{"rendered":"http:\/\/diarioregionaljf.com.br\/?p=109681"},"modified":"2018-06-28T15:51:30","modified_gmt":"2018-06-28T18:51:30","slug":"phisiofisica-na-praca-oferece-atividades-para-todas-as-idades-no-ceu-zona-norte","status":"publish","type":"post","link":"https:\/\/diarioregionaldigital.com.br\/?p=109681","title":{"rendered":"\u201cPhisiof\u00edsica na Pra\u00e7a\u201d oferece atividades para todas as idades no CEU\/Zona Norte"},"content":{"rendered":"<p>O Centro de Artes e Esportes Unificados \u201cCoronel Adelmir Romualdo de Oliveira\u201d (CEU\/Zona Norte &#8211; Avenida Juscelino Kubitschek, 5.899 &#8211; Bairro Benfica) receber\u00e1 no domingo, 1\u00ba de julho, a partir das 9 horas, a primeira edi\u00e7\u00e3o do evento \u201cPhisiof\u00edsica na Pra\u00e7a\u201d. Com o objetivo de disseminar conhecimento sobre pr\u00e1ticas esportivas e estreitar la\u00e7os com a comunidade, o evento \u00e9 promovido pela \u201cPhisiof\u00edsica Academia\u201d, com apoio da Funda\u00e7\u00e3o Cultural \u201cAlfredo Ferreira Lage\u201d (Funalfa), por meio do CEU. A participa\u00e7\u00e3o \u00e9 gratuita.<\/p>\n<p>Para o evento, na quadra coberta ser\u00e1 preparado circuito com diversas atividades, como treinamento funcional, boxe e kickboxing, com a coordena\u00e7\u00e3o de professores de educa\u00e7\u00e3o f\u00edsica. No entorno da pra\u00e7a ser\u00e1 realizada caminhada em grupo e brincadeiras de rua com as crian\u00e7as. Segundo uma das organizadoras, Samanta Gomes, este \u00e9 o momento para as pessoas que nunca foram \u00e0 academia e n\u00e3o praticam esportes terem a primeira experi\u00eancia com estas atividades, al\u00e9m da conviv\u00eancia comunit\u00e1ria.<\/p>\n<p>Durante as atividades, a nutricionista Nelma Leal dar\u00e1 orienta\u00e7\u00f5es individuais, abordando quest\u00f5es como qualidade de vida, h\u00e1bitos alimentares e a import\u00e2ncia da pr\u00e1tica de atividades f\u00edsicas. Segundo ela, o principal intuito da conversa \u00e9 difundir a pr\u00e1tica da alimenta\u00e7\u00e3o saud\u00e1vel, desmistificando a ideia de que se alimentar de forma saud\u00e1vel custa caro: \u201c\u00c9 muito importante levar essas quest\u00f5es para a comunidade, pois, muitas vezes, as pessoas associam que comer de forma saud\u00e1vel est\u00e1 diretamente ligado a gastar muito. Por\u00e9m, com esse tipo de conversa, podemos esclarecer melhor as d\u00favidas, para que tenham qualidade de vida melhor\u201d.<\/p>\n<p>&nbsp;<\/p>\n<p>Fonte: Assessoria PJF<\/p>\n","protected":false},"excerpt":{"rendered":"<p>O Centro de Artes e Esportes Unificados \u201cCoronel Adelmir Romualdo de Oliveira\u201d (CEU\/Zona Norte &#8211; Avenida Juscelino Kubitschek, 5.899 &#8211; Bairro Benfica) receber\u00e1 no domingo, 1\u00ba de julho, a partir das 9 horas, a primeira edi\u00e7\u00e3o do evento \u201cPhisiof\u00edsica na Pra\u00e7a\u201d. Com o objetivo de disseminar conhecimento sobre pr\u00e1ticas esportivas e estreitar la\u00e7os com a [&hellip;]<\/p>\n","protected":false},"author":96,"featured_media":105098,"comment_status":"closed","ping_status":"closed","sticky":false,"template":"","format":"standard","meta":{"footnotes":""},"categories":[253],"tags":[],"class_list":["post-109681","post","type-post","status-publish","format-standard","has-post-thumbnail","hentry","category-cidade"],"_links":{"self":[{"href":"https:\/\/diarioregionaldigital.com.br\/index.php?rest_route=\/wp\/v2\/posts\/109681","targetHints":{"allow":["GET"]}}],"collection":[{"href":"https:\/\/diarioregionaldigital.com.br\/index.php?rest_route=\/wp\/v2\/posts"}],"about":[{"href":"https:\/\/diarioregionaldigital.com.br\/index.php?rest_route=\/wp\/v2\/types\/post"}],"author":[{"embeddable":true,"href":"https:\/\/diarioregionaldigital.com.br\/index.php?rest_route=\/wp\/v2\/users\/96"}],"replies":[{"embeddable":true,"href":"https:\/\/diarioregionaldigital.com.br\/index.php?rest_route=%2Fwp%2Fv2%2Fcomments&post=109681"}],"version-history":[{"count":0,"href":"https:\/\/diarioregionaldigital.com.br\/index.php?rest_route=\/wp\/v2\/posts\/109681\/revisions"}],"wp:featuredmedia":[{"embeddable":true,"href":"https:\/\/diarioregionaldigital.com.br\/index.php?rest_route=\/wp\/v2\/media\/105098"}],"wp:attachment":[{"href":"https:\/\/diarioregionaldigital.com.br\/index.php?rest_route=%2Fwp%2Fv2%2Fmedia&parent=109681"}],"wp:term":[{"taxonomy":"category","embeddable":true,"href":"https:\/\/diarioregionaldigital.com.br\/index.php?rest_route=%2Fwp%2Fv2%2Fcategories&post=109681"},{"taxonomy":"post_tag","embeddable":true,"href":"https:\/\/diarioregionaldigital.com.br\/index.php?rest_route=%2Fwp%2Fv2%2Ftags&post=109681"}],"curies":[{"name":"wp","href":"https:\/\/api.w.org\/{rel}","templated":true}]}}