{"id":109678,"date":"2018-06-28T15:45:00","date_gmt":"2018-06-28T18:45:00","guid":{"rendered":"http:\/\/diarioregionaljf.com.br\/?p=109678"},"modified":"2018-06-28T15:45:00","modified_gmt":"2018-06-28T18:45:00","slug":"no-dia-do-orgulho-lgbtti-ufjf-lanca-editais-e-programacao-da-2a-semana-rainbow","status":"publish","type":"post","link":"https:\/\/diarioregionaldigital.com.br\/?p=109678","title":{"rendered":"No Dia do Orgulho LGBTTI, UFJF lan\u00e7a editais e programa\u00e7\u00e3o da 2\u00aa Semana Rainbow"},"content":{"rendered":"<p>A Universidade Federal de Juiz de Fora (UFJF) lan\u00e7a, nesta quinta-feira, dia 28, que \u00e9 Dia do Orgulho LGBTTI, a pr\u00e9-programa\u00e7\u00e3o da II Semana Rainbow, que integra o Projeto de Extens\u00e3o \u201cMiss Brasil Gay: interface com a comunidade e UFJF\u201d. O evento ser\u00e1 realizado entre os dias 9 e 19 de agosto e contar\u00e1 com shows, exposi\u00e7\u00f5es, teatro, exibi\u00e7\u00e3o de filmes, mesas-redondas, palestras, dentre outras a\u00e7\u00f5es, com tem\u00e1ticas relacionadas \u00e0 popula\u00e7\u00e3o de l\u00e9sbicas, gays, bissexuais, travestis, transexuais e intersexos (LGBTTI). Todas as atividades ser\u00e3o gratuitas e abertas \u00e0 comunidade.<\/p>\n<p>A projeto de extens\u00e3o tamb\u00e9m disponibiliza nesta quinta-feira, 28, tr\u00eas editais que contemplam concurso de fotografias e sele\u00e7\u00e3o de atividades art\u00edstico-culturais e bolsistas. Segundo o idealizador e coordenador da iniciativa, professor do Departamento de Turismo, \u00a0Marcelo Carmo, a Semana Rainbow, em sua segunda edi\u00e7\u00e3o, tem o objetivo de atender \u00e0 comunidade LGBTTI da Universidade com produtos, atra\u00e7\u00f5es e espet\u00e1culos culturais. Al\u00e9m disso, pretende movimentar a atividade tur\u00edstica de Juiz de Fora.<\/p>\n<p>Todas as a\u00e7\u00f5es ser\u00e3o realizadas em parceria com as diretorias de A\u00e7\u00f5es Afirmativas e Imagem Institucional, a Pr\u00f3-reitoria de Cultura e diversos cursos da UFJF. O diretor de A\u00e7\u00f5es Afirmativas, Julvan Moreira, destaca a import\u00e2ncia de atividades que, como a Semana Rainbow, visem \u00e0 supera\u00e7\u00e3o de discrimina\u00e7\u00f5es e preconceitos. \u201cA Diretoria de A\u00e7\u00f5es Afirmativas apoia as atividades de ensino e extens\u00e3o da popula\u00e7\u00e3o LGBTTI, bem como reconhece a import\u00e2ncia dos estudos e pol\u00edticas de g\u00eanero e diversidade sexual, para a supera\u00e7\u00e3o de preconceitos e estere\u00f3tipos sexistas. Que a Semana Rainbow possa contribuir com esse processo de inclus\u00e3o e de supera\u00e7\u00e3o das desigualdades, promovendo o \u00a0fortalecimento da diversidade sexual e de pessoas transg\u00eaneras, nos diversos processos de ensino, pesquisa, extens\u00e3o e gest\u00e3o e no cotidiano da Universidade.\u201d<\/p>\n<p><b>Editais abertos<\/b><\/p>\n<p>O projeto de extens\u00e3o \u201cMiss Brasil Gay: interface com a comunidade e UFJF\u201d disponibiliza tr\u00eas editais com o objetivo de envolver de forma democr\u00e1tica as comunidades acad\u00eamica e externa nas atividades e no debate das tem\u00e1ticas pertinentes \u00e0 popula\u00e7\u00e3o LGBTTI. As inscri\u00e7\u00f5es para os tr\u00eas processos seletivos \u2013 ocupa\u00e7\u00f5es art\u00edstico-culturais, concurso de fotografia e sele\u00e7\u00e3o de bolsistas \u2013 est\u00e3o abertas.<\/p>\n<p>&nbsp;<\/p>\n<p>&nbsp;<\/p>\n<p>Fonte: Assessoria UFJF<\/p>\n","protected":false},"excerpt":{"rendered":"<p>A Universidade Federal de Juiz de Fora (UFJF) lan\u00e7a, nesta quinta-feira, dia 28, que \u00e9 Dia do Orgulho LGBTTI, a pr\u00e9-programa\u00e7\u00e3o da II Semana Rainbow, que integra o Projeto de Extens\u00e3o \u201cMiss Brasil Gay: interface com a comunidade e UFJF\u201d. O evento ser\u00e1 realizado entre os dias 9 e 19 de agosto e contar\u00e1 com [&hellip;]<\/p>\n","protected":false},"author":96,"featured_media":109679,"comment_status":"closed","ping_status":"closed","sticky":false,"template":"","format":"standard","meta":{"footnotes":""},"categories":[253,439],"tags":[],"class_list":["post-109678","post","type-post","status-publish","format-standard","has-post-thumbnail","hentry","category-cidade","category-ultima-hora"],"_links":{"self":[{"href":"https:\/\/diarioregionaldigital.com.br\/index.php?rest_route=\/wp\/v2\/posts\/109678","targetHints":{"allow":["GET"]}}],"collection":[{"href":"https:\/\/diarioregionaldigital.com.br\/index.php?rest_route=\/wp\/v2\/posts"}],"about":[{"href":"https:\/\/diarioregionaldigital.com.br\/index.php?rest_route=\/wp\/v2\/types\/post"}],"author":[{"embeddable":true,"href":"https:\/\/diarioregionaldigital.com.br\/index.php?rest_route=\/wp\/v2\/users\/96"}],"replies":[{"embeddable":true,"href":"https:\/\/diarioregionaldigital.com.br\/index.php?rest_route=%2Fwp%2Fv2%2Fcomments&post=109678"}],"version-history":[{"count":0,"href":"https:\/\/diarioregionaldigital.com.br\/index.php?rest_route=\/wp\/v2\/posts\/109678\/revisions"}],"wp:featuredmedia":[{"embeddable":true,"href":"https:\/\/diarioregionaldigital.com.br\/index.php?rest_route=\/wp\/v2\/media\/109679"}],"wp:attachment":[{"href":"https:\/\/diarioregionaldigital.com.br\/index.php?rest_route=%2Fwp%2Fv2%2Fmedia&parent=109678"}],"wp:term":[{"taxonomy":"category","embeddable":true,"href":"https:\/\/diarioregionaldigital.com.br\/index.php?rest_route=%2Fwp%2Fv2%2Fcategories&post=109678"},{"taxonomy":"post_tag","embeddable":true,"href":"https:\/\/diarioregionaldigital.com.br\/index.php?rest_route=%2Fwp%2Fv2%2Ftags&post=109678"}],"curies":[{"name":"wp","href":"https:\/\/api.w.org\/{rel}","templated":true}]}}