{"id":109675,"date":"2018-06-28T15:18:41","date_gmt":"2018-06-28T18:18:41","guid":{"rendered":"http:\/\/diarioregionaljf.com.br\/?p=109675"},"modified":"2018-06-28T15:24:31","modified_gmt":"2018-06-28T18:24:31","slug":"cnp-numero-de-pessoas-ocupadas-protegidas-pela-previdencia-e-de-709","status":"publish","type":"post","link":"https:\/\/diarioregionaldigital.com.br\/?p=109675","title":{"rendered":"CNP: N\u00famero de pessoas ocupadas protegidas pela Previd\u00eancia \u00e9 de 70,9%"},"content":{"rendered":"<p>Da Reda\u00e7\u00e3o (Bras\u00edlia) \u2013 O n\u00famero de trabalhadores com idades entre 16 e 59 anos protegidas pela Previd\u00eancia Social alcan\u00e7a hoje 58,9 milh\u00f5es de pessoas. Elas fazem parte de um universo de 83,1 milh\u00f5es de pessoas que se declararam ocupadas, no ano de 2017, o que representa uma cobertura de 70,9%. Significa que de cada 10 trabalhadores, sete estavam socialmente protegidos. O estudo da Secretaria de Previd\u00eancia foi feito com base nos dados da Pesquisa Nacional por Amostra de Domic\u00edlios Cont\u00ednua (PNADc) de 2017 e apresentado ao Conselho Nacional de Previd\u00eancia (CNP) nessa quarta-feira, 27.<\/p>\n<p>Segundo estudo da Subsecretaria de Pol\u00edticas de Previd\u00eancia Social,\u00a0 a maior categoria com pessoas protegidas \u00e9 a de contribuintes do Regime Geral de Previd\u00eancia Social (RGPS): 48,2 milh\u00f5es dos ocupados com idades entre 16 e 59 anos. Se considerado o g\u00eanero, em 2017, a prote\u00e7\u00e3o social de homens foi de 54,9% \u00a0e de mulheres representou 45,9% da popula\u00e7\u00e3o ocupada.<\/p>\n<p>Ainda de acordo com a PNADc, 24,2 milh\u00f5es de trabalhadores estavam sem cobertura previdenci\u00e1ria em 2017. Desses, 11,5 milh\u00f5es tinham capacidade contributiva, com renda igual ou superior a um sal\u00e1rio m\u00ednimo e, portanto, poderiam contribuir para a Previd\u00eancia Social. J\u00e1 o n\u00famero de pessoas com rendimento inferior a um sal\u00e1rio m\u00ednimo foi de 11,7 milh\u00f5es, segundo a pesquisa.<\/p>\n<p>Diferente da PNAD tradicional, a PNADc \u00e9 uma nova metodologia utilizada pelo Instituto Brasileiro de Geografia e Estat\u00edstica (IBGE) para mapear a realidade social brasileira. Agora, a pesquisa abrange todas as unidades da federa\u00e7\u00e3o, o que n\u00e3o ocorria anteriormente. A periodicidade tamb\u00e9m foi ampliada para pesquisas trimestrais \u2013 anteriormente as pesquisas eram anuais.<\/p>\n<p><strong>Idosos<\/strong><\/p>\n<p>Os dados da PNADc mostram que a enorme maioria dos idosos conta com a prote\u00e7\u00e3o da Previd\u00eancia Social. A cobertura previdenci\u00e1ria das pessoas com idade igual ou superior a 60 anos foi estimada em 84,7% \u2013 cerca de 26,4 milh\u00f5es de pessoas em 2017 (12 milh\u00f5es de homens e 14,3 milh\u00f5es de mulheres). A prote\u00e7\u00e3o social entre os homens foi maior, chegando a 88,1%. Entre as mulheres foi de 82%.<\/p>\n<p><strong>CNP<\/strong> \u2013 Al\u00e9m do estudo da Secretaria, foi apresentado aos conselheiros um panorama geral dos Regimes Pr\u00f3prios pelo Subsecret\u00e1rio dos Regimes Pr\u00f3prios de Previd\u00eancia Social, Narlon Gutierre Nogueira. Na ocasi\u00e3o, o subsecret\u00e1rio divulgou ainda o Indicador de Situa\u00e7\u00e3o Previdenci\u00e1ria dos RPPS (ISP- RPPS).<\/p>\n<p>O indicador \u00e9 uma ferramenta de gest\u00e3o previdenci\u00e1ria dos RPPS, institu\u00edda em setembro de 2017 pela Portaria SPREV n\u00ba 10\/2017, para conferir visibilidade aos sistemas de previd\u00eancia dos servidores p\u00fablicos e fornecer crit\u00e9rios mais objetivos de compara\u00e7\u00e3o entre os entes e maior controle social da situa\u00e7\u00e3o de cada Regime. Ele \u00e9 calculado somente para os entes federativos que possuem Regimes Pr\u00f3prios de Previd\u00eancia Social. O Brasil possui hoje 5.598 entes federativos, dos quais 2.124 contam com RPPS, incluindo a Uni\u00e3o, os 26 estados, o Distrito Federal e 2.095 dos 5.570 munic\u00edpios.<\/p>\n<p>Ainda durante a reuni\u00e3o, representantes do Instituto Nacional do Seguro Social (INSS) apresentaram os novos procedimentos para agendamento de per\u00edcia relativa \u00e0 solicita\u00e7\u00e3o de prorroga\u00e7\u00e3o de aux\u00edlio-doen\u00e7a e os \u00faltimos resultados das a\u00e7\u00f5es regressivas do INSS.<\/p>\n<p>&nbsp;<\/p>\n<p>&nbsp;<\/p>\n<p>Fonte: Secretaria de Previd\u00eancia<\/p>\n","protected":false},"excerpt":{"rendered":"<p>Da Reda\u00e7\u00e3o (Bras\u00edlia) \u2013 O n\u00famero de trabalhadores com idades entre 16 e 59 anos protegidas pela Previd\u00eancia Social alcan\u00e7a hoje 58,9 milh\u00f5es de pessoas. Elas fazem parte de um universo de 83,1 milh\u00f5es de pessoas que se declararam ocupadas, no ano de 2017, o que representa uma cobertura de 70,9%. Significa que de cada [&hellip;]<\/p>\n","protected":false},"author":96,"featured_media":109676,"comment_status":"closed","ping_status":"closed","sticky":false,"template":"","format":"standard","meta":{"footnotes":""},"categories":[436,261],"tags":[],"class_list":["post-109675","post","type-post","status-publish","format-standard","has-post-thumbnail","hentry","category-destaque-da-semana","category-economia"],"_links":{"self":[{"href":"https:\/\/diarioregionaldigital.com.br\/index.php?rest_route=\/wp\/v2\/posts\/109675","targetHints":{"allow":["GET"]}}],"collection":[{"href":"https:\/\/diarioregionaldigital.com.br\/index.php?rest_route=\/wp\/v2\/posts"}],"about":[{"href":"https:\/\/diarioregionaldigital.com.br\/index.php?rest_route=\/wp\/v2\/types\/post"}],"author":[{"embeddable":true,"href":"https:\/\/diarioregionaldigital.com.br\/index.php?rest_route=\/wp\/v2\/users\/96"}],"replies":[{"embeddable":true,"href":"https:\/\/diarioregionaldigital.com.br\/index.php?rest_route=%2Fwp%2Fv2%2Fcomments&post=109675"}],"version-history":[{"count":0,"href":"https:\/\/diarioregionaldigital.com.br\/index.php?rest_route=\/wp\/v2\/posts\/109675\/revisions"}],"wp:featuredmedia":[{"embeddable":true,"href":"https:\/\/diarioregionaldigital.com.br\/index.php?rest_route=\/wp\/v2\/media\/109676"}],"wp:attachment":[{"href":"https:\/\/diarioregionaldigital.com.br\/index.php?rest_route=%2Fwp%2Fv2%2Fmedia&parent=109675"}],"wp:term":[{"taxonomy":"category","embeddable":true,"href":"https:\/\/diarioregionaldigital.com.br\/index.php?rest_route=%2Fwp%2Fv2%2Fcategories&post=109675"},{"taxonomy":"post_tag","embeddable":true,"href":"https:\/\/diarioregionaldigital.com.br\/index.php?rest_route=%2Fwp%2Fv2%2Ftags&post=109675"}],"curies":[{"name":"wp","href":"https:\/\/api.w.org\/{rel}","templated":true}]}}