{"id":109670,"date":"2018-06-28T14:21:38","date_gmt":"2018-06-28T17:21:38","guid":{"rendered":"http:\/\/diarioregionaljf.com.br\/?p=109670"},"modified":"2018-06-28T14:22:50","modified_gmt":"2018-06-28T17:22:50","slug":"secretaria-de-cultura-divulga-lista-de-contemplados-no-fundo-estadual-de-cultura-2017","status":"publish","type":"post","link":"https:\/\/diarioregionaldigital.com.br\/?p=109670","title":{"rendered":"Secretaria de Cultura divulga lista de contemplados no Fundo Estadual de Cultura 2017"},"content":{"rendered":"<p>Com 85% dos recursos destinados ao interior, o edital 2017 do Fundo Estadual de Cultura (FEC) contemplou 197 projetos e disponibilizou R$ 9,5 milh\u00f5es para projetos culturais que tradicionalmente encontram dificuldades em captar no mercado.<\/p>\n<p>O repasse de recursos do FEC, ao contr\u00e1rio da Lei Estadual de Incentivo \u00e0 Cultura, \u00e9 direto, sem necessidade de capta\u00e7\u00e3o junto a empresas, e contempla, de uma forma geral, manifesta\u00e7\u00f5es da cultura popular, pequenas entidades, grupos e coletivos, tendo uma vis\u00e3o mais voltado ao interior do estado. <a href=\"http:\/\/www.cultura.mg.gov.br\/component\/search\/?all=fundo+estadual+de+cultura&amp;exact=&amp;any=&amp;none=&amp;created=&amp;modified=&amp;area=documents\" target=\"_blank\" rel=\"noopener\">Clique aqui e tenha acesso ao resultado do certame<\/a>.<\/p>\n<p>Para o superintendente de Fomento e Incentivo \u00e0 Cultura, Felipe Amado, o edital mant\u00e9m o compromisso no repasse de recursos p\u00fablicos para todo estado, atendendo as mais diversas atividades culturais. \u201cA diversidade cultural est\u00e1 devidamente representada dentre os projetos aprovados\u201d, explica.<\/p>\n<p>Ainda segundo o superintendente, o edital 2017 encerra um ciclo importante no fomento \u00e0 cultura em Minas Gerais, que agora ser\u00e1 renovado com a implanta\u00e7\u00e3o do Sistema de Financiamento \u00e0 Cultura (SIFC).<\/p>\n<p>\u201cAp\u00f3s a publica\u00e7\u00e3o do Decreto 47.427\/2018, que institui o SIFC, a expectativa \u00e9 de que o FEC tenha um papel cada vez mais maior no fomento \u00e0 atividade cultural. Os recursos previstos para o edital 2018 \u00e9 mais do que o triplo do ano anterior. Ser\u00e3o aproximadamente R$ 35 milh\u00f5es destinados ao Fundo este ano\u201d, completa.<\/p>\n<p>O edital de 2017 foi subdividido em duas frentes para aprimorar a distribui\u00e7\u00e3o de recursos e dar ainda mais transpar\u00eancia ao processo. Uma das frentes destinou-se a Organiza\u00e7\u00f5es da Sociedade Civil, com repasse total de R$ 7 milh\u00f5es.<\/p>\n<p>Este edital foi dividido em tr\u00eas categorias: 1) Projetos que promovam as culturas populares e tradicionais, no valor m\u00e1ximo de at\u00e9 R$ 25 mil, totalizando R$ 2 milh\u00f5es; 2) Projetos de Cultura em Geral: realizados pelas organiza\u00e7\u00f5es da sociedade civil, com valor m\u00e1ximo de at\u00e9 R$ 100 mil, somando R$ 3,5 milh\u00f5es 3) Pontos de Cultura: com valor m\u00e1ximo de at\u00e9 R$ 50 mil, somando R$ 1,5 milh\u00f5es.<\/p>\n<p>A segunda frente foi destinada para institui\u00e7\u00f5es de Direito P\u00fablico Municipal e contemplou as mais diversas atividades art\u00edstico-culturais em projetos de at\u00e9 R$ 100 mil. O valor total deste edital \u00e9 de R$ 2,5 milh\u00f5es.<\/p>\n<p><img decoding=\"async\" src=\"http:\/\/www.agenciaminas.mg.gov.br\/ckeditor_assets\/pictures\/4809\/content_quadro.jpg\" alt=\"\" \/><\/p>\n<p>&nbsp;<\/p>\n<p>&nbsp;<\/p>\n<p>Fonte: Ag\u00eancia Minas<\/p>\n","protected":false},"excerpt":{"rendered":"<p>Com 85% dos recursos destinados ao interior, o edital 2017 do Fundo Estadual de Cultura (FEC) contemplou 197 projetos e disponibilizou R$ 9,5 milh\u00f5es para projetos culturais que tradicionalmente encontram dificuldades em captar no mercado. O repasse de recursos do FEC, ao contr\u00e1rio da Lei Estadual de Incentivo \u00e0 Cultura, \u00e9 direto, sem necessidade de [&hellip;]<\/p>\n","protected":false},"author":96,"featured_media":95105,"comment_status":"closed","ping_status":"closed","sticky":false,"template":"","format":"standard","meta":{"footnotes":""},"categories":[252,439],"tags":[],"class_list":["post-109670","post","type-post","status-publish","format-standard","has-post-thumbnail","hentry","category-regiao","category-ultima-hora"],"_links":{"self":[{"href":"https:\/\/diarioregionaldigital.com.br\/index.php?rest_route=\/wp\/v2\/posts\/109670","targetHints":{"allow":["GET"]}}],"collection":[{"href":"https:\/\/diarioregionaldigital.com.br\/index.php?rest_route=\/wp\/v2\/posts"}],"about":[{"href":"https:\/\/diarioregionaldigital.com.br\/index.php?rest_route=\/wp\/v2\/types\/post"}],"author":[{"embeddable":true,"href":"https:\/\/diarioregionaldigital.com.br\/index.php?rest_route=\/wp\/v2\/users\/96"}],"replies":[{"embeddable":true,"href":"https:\/\/diarioregionaldigital.com.br\/index.php?rest_route=%2Fwp%2Fv2%2Fcomments&post=109670"}],"version-history":[{"count":0,"href":"https:\/\/diarioregionaldigital.com.br\/index.php?rest_route=\/wp\/v2\/posts\/109670\/revisions"}],"wp:featuredmedia":[{"embeddable":true,"href":"https:\/\/diarioregionaldigital.com.br\/index.php?rest_route=\/wp\/v2\/media\/95105"}],"wp:attachment":[{"href":"https:\/\/diarioregionaldigital.com.br\/index.php?rest_route=%2Fwp%2Fv2%2Fmedia&parent=109670"}],"wp:term":[{"taxonomy":"category","embeddable":true,"href":"https:\/\/diarioregionaldigital.com.br\/index.php?rest_route=%2Fwp%2Fv2%2Fcategories&post=109670"},{"taxonomy":"post_tag","embeddable":true,"href":"https:\/\/diarioregionaldigital.com.br\/index.php?rest_route=%2Fwp%2Fv2%2Ftags&post=109670"}],"curies":[{"name":"wp","href":"https:\/\/api.w.org\/{rel}","templated":true}]}}