{"id":109662,"date":"2018-06-28T13:58:33","date_gmt":"2018-06-28T16:58:33","guid":{"rendered":"http:\/\/diarioregionaljf.com.br\/?p=109662"},"modified":"2018-06-28T13:58:33","modified_gmt":"2018-06-28T16:58:33","slug":"justica-nega-transferencia-de-sergio-cabral-para-batalhao-da-pm","status":"publish","type":"post","link":"https:\/\/diarioregionaldigital.com.br\/?p=109662","title":{"rendered":"Justi\u00e7a nega transfer\u00eancia de S\u00e9rgio Cabral para batalh\u00e3o da PM"},"content":{"rendered":"<p>A Justi\u00e7a do Rio de Janeiro negou o pedido de transfer\u00eancia do ex-governador fluminense S\u00e9rgio Cabral para um batalh\u00e3o da Pol\u00edcia Militar. Cabral est\u00e1 preso na Cadeia P\u00fablica Pedrolino Werling de Oliveira (Bangu 8), localizada no complexo penitenci\u00e1rio de Gericin\u00f3 (Bangu), na zona oeste da cidade do Rio de Janeiro.<\/p>\n<p>A defesa do ex-governador alegou no pedido que Cabral deveria ter garantido seus direitos fundamentais. Mas, segundo o juiz Rafael Estrela, titular da Vara de Execu\u00e7\u00f5es Penais, Cabral est\u00e1 em uma cela individual, isolado dos demais presos. O banho sol, inclusive, \u00e9 feito separado dos outros detentos, de acordo com o magistrado.<\/p>\n<p>Em sua decis\u00e3o, o juiz afirmou que n\u00e3o h\u00e1 norma legal que autorize o ex-governador a cumprir pena em um batalh\u00e3o da PM e que n\u00e3o se verificou nenhuma condi\u00e7\u00e3o humilhante para Cabral em Bangu 8.<\/p>\n<p>O ex-governador foi preso em novembro de 2016 condenado por corrup\u00e7\u00e3o e lavagem de dinheiro em processos que tramitam na 13\u00aa Vara Federal de Curitiba e na 7\u00aa Vara Federal do Rio de Janeiro. Cabral ficou em Bangu logo que foi detido. Depois passou pela Cadeia P\u00fablica Jos\u00e9 Frederico Marques, em Benfica (zona norte do Rio), e pelo Complexo M\u00e9dico de Pinhais, no Paran\u00e1, antes de voltar a Bangu 8.<\/p>\n<p>&nbsp;<\/p>\n<p>Fonte: Ag\u00eancia Brasil<\/p>\n<p>&nbsp;<\/p>\n","protected":false},"excerpt":{"rendered":"<p>A Justi\u00e7a do Rio de Janeiro negou o pedido de transfer\u00eancia do ex-governador fluminense S\u00e9rgio Cabral para um batalh\u00e3o da Pol\u00edcia Militar. Cabral est\u00e1 preso na Cadeia P\u00fablica Pedrolino Werling de Oliveira (Bangu 8), localizada no complexo penitenci\u00e1rio de Gericin\u00f3 (Bangu), na zona oeste da cidade do Rio de Janeiro. A defesa do ex-governador alegou [&hellip;]<\/p>\n","protected":false},"author":96,"featured_media":109665,"comment_status":"closed","ping_status":"closed","sticky":false,"template":"","format":"standard","meta":{"footnotes":""},"categories":[254,439],"tags":[],"class_list":["post-109662","post","type-post","status-publish","format-standard","has-post-thumbnail","hentry","category-politica","category-ultima-hora"],"_links":{"self":[{"href":"https:\/\/diarioregionaldigital.com.br\/index.php?rest_route=\/wp\/v2\/posts\/109662","targetHints":{"allow":["GET"]}}],"collection":[{"href":"https:\/\/diarioregionaldigital.com.br\/index.php?rest_route=\/wp\/v2\/posts"}],"about":[{"href":"https:\/\/diarioregionaldigital.com.br\/index.php?rest_route=\/wp\/v2\/types\/post"}],"author":[{"embeddable":true,"href":"https:\/\/diarioregionaldigital.com.br\/index.php?rest_route=\/wp\/v2\/users\/96"}],"replies":[{"embeddable":true,"href":"https:\/\/diarioregionaldigital.com.br\/index.php?rest_route=%2Fwp%2Fv2%2Fcomments&post=109662"}],"version-history":[{"count":0,"href":"https:\/\/diarioregionaldigital.com.br\/index.php?rest_route=\/wp\/v2\/posts\/109662\/revisions"}],"wp:featuredmedia":[{"embeddable":true,"href":"https:\/\/diarioregionaldigital.com.br\/index.php?rest_route=\/wp\/v2\/media\/109665"}],"wp:attachment":[{"href":"https:\/\/diarioregionaldigital.com.br\/index.php?rest_route=%2Fwp%2Fv2%2Fmedia&parent=109662"}],"wp:term":[{"taxonomy":"category","embeddable":true,"href":"https:\/\/diarioregionaldigital.com.br\/index.php?rest_route=%2Fwp%2Fv2%2Fcategories&post=109662"},{"taxonomy":"post_tag","embeddable":true,"href":"https:\/\/diarioregionaldigital.com.br\/index.php?rest_route=%2Fwp%2Fv2%2Ftags&post=109662"}],"curies":[{"name":"wp","href":"https:\/\/api.w.org\/{rel}","templated":true}]}}