{"id":109658,"date":"2018-06-28T13:52:07","date_gmt":"2018-06-28T16:52:07","guid":{"rendered":"http:\/\/diarioregionaljf.com.br\/?p=109658"},"modified":"2018-06-28T14:13:34","modified_gmt":"2018-06-28T17:13:34","slug":"homem-que-confessou-ter-assassinado-a-esposa-se-entrega-a-policia-civil","status":"publish","type":"post","link":"https:\/\/diarioregionaldigital.com.br\/?p=109658","title":{"rendered":"Homem que confessou ter assassinado a esposa se entrega \u00e0 Pol\u00edcia Civil"},"content":{"rendered":"<p>O homem de 38 anos que confessou ter assassinado a pr\u00f3pria esposa, de 35 anos, se apresentou na manh\u00e3 desta quinta-feira, 28, na Delegacia da Mulher. O autor havia sido preso no dia 8 deste m\u00eas, depois de um pedido de pris\u00e3o preventiva.\u00a0 No \u00faltimo dia 14, a defesa conseguiu um habeas corpus e o indiv\u00edduo foi solto. Nessa quarta-feira, 27, O Tribunal de Justi\u00e7a de Minas Gerais (TJMG) revogou o habeas corpus e um novo mandado de pris\u00e3o foi expedido em desfavor do homem.<\/p>\n<p>Equipes da Pol\u00edcia Civil, comandadas pela Delegada Ione Maria Moreira Dias Barbosa, realizaram buscas pelo autor desde a data de ontem, at\u00e9 o in\u00edcio da manh\u00e3 desta quinta, quando o mesmo compareceu juntamente com o advogado at\u00e9 a Casa da Mulher, localizada no bairro Jardim Gl\u00f3ria. \u201cTivemos o conhecimento de que houve uma vota\u00e7\u00e3o em \u00f3rg\u00e3o colegiado que reverteu a situa\u00e7\u00e3o e denegou o habeas corpus nessa quarta-feira, 27. J\u00e1 est\u00e1vamos no encal\u00e7o dele na data de ontem, no in\u00edcio da manh\u00e3 de hoje e para nossa surpresa ele se apresentou \u00e0s 9h desta quinta-feira \u00e0 Casa da Mulher, juntamente com seu advogado\u201d relatou ela.<\/p>\n<p>A Delegada Ione destacou em que fase se encontram as investiga\u00e7\u00f5es e quais as pr\u00f3ximas etapas. \u201cJ\u00e1 foram ouvidas v\u00e1rias pessoas, dilig\u00eancias j\u00e1 foram cumpridas, j\u00e1 ocorreram v\u00e1rias incurs\u00f5es dos investigadores aos locais dos fatos, mas ainda faltam dilig\u00eancias e outras pessoas para serem ouvidas. Vamos terminar as investiga\u00e7\u00f5es o mais r\u00e1pido poss\u00edvel, por que pelo indiv\u00edduo estar preso, teremos apenas 10 dias para concluir o inqu\u00e9rito e enviar para a justi\u00e7a. N\u00e3o podemos adentrar em detalhes em rela\u00e7\u00e3o \u00e0s provas, por conta de evitar preju\u00edzos a pr\u00f3pria investiga\u00e7\u00e3o\u201d.<\/p>\n<p>O homem j\u00e1 se encontra preso no Centro\u00a0de Remanejamento do Sistema Prisional (CERESP). Ao final do inqu\u00e9rito, de acordo com as provas apresentadas e decis\u00e3o do juiz, ser\u00e1 ent\u00e3o definida a pena pelo crime.<\/p>\n<p><strong>\u00a0<\/strong><\/p>\n<p><strong>O Caso<\/strong><\/p>\n<p>O corpo da v\u00edtima foi encontrado com o rosto queimado e sinais de viol\u00eancia no pesco\u00e7o, no dia 31 de maio, no bairro Aeroporto, zona Oeste de Juiz de Fora. De acordo com o boletim de ocorr\u00eancia da Pol\u00edcia Militar (PM), o corpo foi encontrado por um rapaz de 29 anos, quando o mesmo transitava pela Avenida Prefeito Mello Reis. Ainda conforme a PM, a v\u00edtima estava nua e pr\u00f3ximo ao corpo da mesma foi encontrado uma garrafa contendo um l\u00edquido n\u00e3o identificado. A mulher n\u00e3o portava documentos pessoais, n\u00e3o sendo poss\u00edvel identific\u00e1-la \u00e0 \u00e9poca. Dias ap\u00f3s o desaparecimento da mulher, os familiares fizeram contato com o Instituto M\u00e9dico Legal (IML) e realizaram o reconhecimento do corpo. A constata\u00e7\u00e3o foi realizada pelos m\u00e9dicos-legistas por meio da arcada dent\u00e1ria.<\/p>\n<p>A Delegada explicou que no primeiro depoimento do autor o mesmo confessou que teria ceifado a vida da v\u00edtima, por\u00e9m em leg\u00edtima defesa. \u201cSegundo ele, o casal teria tido uma discuss\u00e3o e logo depois ele teria ido deitar. Nesse momento a mulher teria ido at\u00e9 a cozinha, pego uma faca e foi em dire\u00e7\u00e3o a ele. O homem ent\u00e3o afirmou que em leg\u00edtima defesa, tirou a faca dela e come\u00e7aram a luta corporal. Ele relatou que come\u00e7ou a asfixi\u00e1-la e quando viu ela j\u00e1 estava sem vida&#8221;.<\/p>\n<p>Ela tamb\u00e9m pontuou as explica\u00e7\u00f5es dadas pelo autor em rela\u00e7\u00e3o \u00e0s etapas de realiza\u00e7\u00e3o do crime. \u201cAp\u00f3s notar que a mulher desfaleceu, ele pensou numa forma de desfazer da v\u00edtima por conta dos tr\u00eas filhos, crian\u00e7as. Ele ent\u00e3o resolveu fazer compras em um mercado, de maneira que ele pudesse entrar com o carrinho de compras. Seria uma forma de simular que o carrinho entrou para as compras e depois sair com o corpo. Ele simulou esta situa\u00e7\u00e3o justamente para ter o carrinho com o corpo, ainda o enrolou em um edredom, colocou compras por cima e dali saiu em dire\u00e7\u00e3o ao carro. Ele colocou o corpo no porta-malas e come\u00e7ou a procurar algum lugar pra jog\u00e1-lo. Ele viu uma mata e achou f\u00e1cil jogar o corpo ali. Depois da a\u00e7\u00e3o ele voltou pra casa. No dia seguinte fez uma liga\u00e7\u00e3o para fam\u00edlia da v\u00edtima dizendo que eles tinham brigado e afirmando que a mulher teria abandonado o lar. Depois disso veio a identifica\u00e7\u00e3o do corpo e todo o desenrolar da situa\u00e7\u00e3o\u201d finalizou a Delegada.<\/p>\n<p>&nbsp;<\/p>\n","protected":false},"excerpt":{"rendered":"<p>O homem de 38 anos que confessou ter assassinado a pr\u00f3pria esposa, de 35 anos, se apresentou na manh\u00e3 desta quinta-feira, 28, na Delegacia da Mulher. O autor havia sido preso no dia 8 deste m\u00eas, depois de um pedido de pris\u00e3o preventiva.\u00a0 No \u00faltimo dia 14, a defesa conseguiu um habeas corpus e o [&hellip;]<\/p>\n","protected":false},"author":96,"featured_media":109659,"comment_status":"closed","ping_status":"closed","sticky":false,"template":"","format":"standard","meta":{"footnotes":""},"categories":[253,440,439],"tags":[],"class_list":["post-109658","post","type-post","status-publish","format-standard","has-post-thumbnail","hentry","category-cidade","category-destaques-do-dia","category-ultima-hora"],"_links":{"self":[{"href":"https:\/\/diarioregionaldigital.com.br\/index.php?rest_route=\/wp\/v2\/posts\/109658","targetHints":{"allow":["GET"]}}],"collection":[{"href":"https:\/\/diarioregionaldigital.com.br\/index.php?rest_route=\/wp\/v2\/posts"}],"about":[{"href":"https:\/\/diarioregionaldigital.com.br\/index.php?rest_route=\/wp\/v2\/types\/post"}],"author":[{"embeddable":true,"href":"https:\/\/diarioregionaldigital.com.br\/index.php?rest_route=\/wp\/v2\/users\/96"}],"replies":[{"embeddable":true,"href":"https:\/\/diarioregionaldigital.com.br\/index.php?rest_route=%2Fwp%2Fv2%2Fcomments&post=109658"}],"version-history":[{"count":0,"href":"https:\/\/diarioregionaldigital.com.br\/index.php?rest_route=\/wp\/v2\/posts\/109658\/revisions"}],"wp:featuredmedia":[{"embeddable":true,"href":"https:\/\/diarioregionaldigital.com.br\/index.php?rest_route=\/wp\/v2\/media\/109659"}],"wp:attachment":[{"href":"https:\/\/diarioregionaldigital.com.br\/index.php?rest_route=%2Fwp%2Fv2%2Fmedia&parent=109658"}],"wp:term":[{"taxonomy":"category","embeddable":true,"href":"https:\/\/diarioregionaldigital.com.br\/index.php?rest_route=%2Fwp%2Fv2%2Fcategories&post=109658"},{"taxonomy":"post_tag","embeddable":true,"href":"https:\/\/diarioregionaldigital.com.br\/index.php?rest_route=%2Fwp%2Fv2%2Ftags&post=109658"}],"curies":[{"name":"wp","href":"https:\/\/api.w.org\/{rel}","templated":true}]}}