{"id":109651,"date":"2018-06-28T13:02:03","date_gmt":"2018-06-28T16:02:03","guid":{"rendered":"http:\/\/diarioregionaljf.com.br\/?p=109651"},"modified":"2018-06-28T13:05:04","modified_gmt":"2018-06-28T16:05:04","slug":"a-cavalo-grupo-pretende-doar-quinze-mil-livros-no-interior-de-mg","status":"publish","type":"post","link":"https:\/\/diarioregionaldigital.com.br\/?p=109651","title":{"rendered":"A cavalo, grupo pretende doar quinze mil livros no interior de MG"},"content":{"rendered":"<p>Nesta sexta-feira, 29, os Cavaleiros da Cultura d\u00e3o in\u00edcio a mais uma Cavalgada Cultural, trabalho realizado h\u00e1 dez anos pelo grupo que chega em 2018 \u00e0 marca de 1 milh\u00e3o de livros doados. Desta vez, a miss\u00e3o da tropa \u00e9 percorrer 260 quil\u00f4metros, em cerca de dez dias, saindo de Santa Cruz de Minas at\u00e9 o munic\u00edpio de Rio Novo, na Zona da Mata, deixando com cada crian\u00e7a encontrada pelo caminho, um kit de livros.<\/p>\n<p>Cinco cavaleiros percorrer\u00e3o Santa Cruz de Minas, Tiradentes, Dores de Campos, Alfredo Vasconcelos, Senhora das Dores, Desterro do Melo, Merc\u00eas, Rio Pomba e outros lugares passando pelas escolas da rede municipal de ensino. \u201cO objetivo principal do nosso trabalho \u00e9 levar uma perspectiva de um futuro melhor \u00e0s crian\u00e7as. Conhecimento ningu\u00e9m tira. E n\u00f3s, atuamos para proporcionar isso\u201d, cita Carlos Oscar Niemeyer, presidente da Associa\u00e7\u00e3o Cavaleiros da Cultura. Segundo ele, 15 mil livros ser\u00e3o distribu\u00eddos no trajeto em parceria com a Paulus Editora, de S\u00e3o Paulo.<\/p>\n<p>O trajeto escolhido para a expedi\u00e7\u00e3o \u00e9 baseado nas andan\u00e7as do personagem Geraldo Viramundo, presente na obra \u201cO Grande Mentecapto\u201d, de Fernando Sabino. Na hist\u00f3ria, Viramundo \u00e9 uma esp\u00e9cie de Don Quixote que percorre Minas Gerais querendo transformar o mundo.<\/p>\n<p>Sabino ser\u00e1 o grande homenageado da quinta edi\u00e7\u00e3o da FliMinas \u2013 Festa Liter\u00e1ria de Minas Gerais. O evento ocorrer\u00e1 de 5 a 9 de setembro, em Rio Novo, com mais de cem atra\u00e7\u00f5es gratuitas ao p\u00fablico.<\/p>\n<p>&nbsp;<\/p>\n<p>Fonte: Assessoria<\/p>\n","protected":false},"excerpt":{"rendered":"<p>Nesta sexta-feira, 29, os Cavaleiros da Cultura d\u00e3o in\u00edcio a mais uma Cavalgada Cultural, trabalho realizado h\u00e1 dez anos pelo grupo que chega em 2018 \u00e0 marca de 1 milh\u00e3o de livros doados. Desta vez, a miss\u00e3o da tropa \u00e9 percorrer 260 quil\u00f4metros, em cerca de dez dias, saindo de Santa Cruz de Minas at\u00e9 [&hellip;]<\/p>\n","protected":false},"author":96,"featured_media":95105,"comment_status":"closed","ping_status":"closed","sticky":false,"template":"","format":"standard","meta":{"footnotes":""},"categories":[252,439],"tags":[],"class_list":["post-109651","post","type-post","status-publish","format-standard","has-post-thumbnail","hentry","category-regiao","category-ultima-hora"],"_links":{"self":[{"href":"https:\/\/diarioregionaldigital.com.br\/index.php?rest_route=\/wp\/v2\/posts\/109651","targetHints":{"allow":["GET"]}}],"collection":[{"href":"https:\/\/diarioregionaldigital.com.br\/index.php?rest_route=\/wp\/v2\/posts"}],"about":[{"href":"https:\/\/diarioregionaldigital.com.br\/index.php?rest_route=\/wp\/v2\/types\/post"}],"author":[{"embeddable":true,"href":"https:\/\/diarioregionaldigital.com.br\/index.php?rest_route=\/wp\/v2\/users\/96"}],"replies":[{"embeddable":true,"href":"https:\/\/diarioregionaldigital.com.br\/index.php?rest_route=%2Fwp%2Fv2%2Fcomments&post=109651"}],"version-history":[{"count":0,"href":"https:\/\/diarioregionaldigital.com.br\/index.php?rest_route=\/wp\/v2\/posts\/109651\/revisions"}],"wp:featuredmedia":[{"embeddable":true,"href":"https:\/\/diarioregionaldigital.com.br\/index.php?rest_route=\/wp\/v2\/media\/95105"}],"wp:attachment":[{"href":"https:\/\/diarioregionaldigital.com.br\/index.php?rest_route=%2Fwp%2Fv2%2Fmedia&parent=109651"}],"wp:term":[{"taxonomy":"category","embeddable":true,"href":"https:\/\/diarioregionaldigital.com.br\/index.php?rest_route=%2Fwp%2Fv2%2Fcategories&post=109651"},{"taxonomy":"post_tag","embeddable":true,"href":"https:\/\/diarioregionaldigital.com.br\/index.php?rest_route=%2Fwp%2Fv2%2Ftags&post=109651"}],"curies":[{"name":"wp","href":"https:\/\/api.w.org\/{rel}","templated":true}]}}