{"id":109643,"date":"2018-06-28T11:16:25","date_gmt":"2018-06-28T14:16:25","guid":{"rendered":"http:\/\/diarioregionaljf.com.br\/?p=109643"},"modified":"2018-06-28T11:17:03","modified_gmt":"2018-06-28T14:17:03","slug":"mamm-recebe-expert-internacional-em-patrimonio-para-avaliacao-do-espaco-e-palestra","status":"publish","type":"post","link":"https:\/\/diarioregionaldigital.com.br\/?p=109643","title":{"rendered":"MAMM recebe expert internacional em patrim\u00f4nio para avalia\u00e7\u00e3o do espa\u00e7o e palestra"},"content":{"rendered":"<p>Com o objetivo de aprimorar as condi\u00e7\u00f5es de preserva\u00e7\u00e3o de seu patrim\u00f4nio, o Museu de Arte Murilo Mendes (MAMM) receber\u00e1, nos dias 2, 3 e 4 de julho, o\u00a0 consultor internacional e especialista em Gest\u00e3o de Risco, Jos\u00e9 Luiz Pedersoli J\u00fanior.\u00a0 O consultor far\u00e1 um diagn\u00f3stico\u00a0 das caracter\u00edsticas geogr\u00e1ficas e clim\u00e1ticas do MAMM, al\u00e9m de identificar os agentes de risco (qu\u00edmicos, f\u00edsicos e biol\u00f3gicos) que podem danificar ou avariar gravemente o acervo do museu. Ao final da visita, o consultor produzir\u00e1 um relat\u00f3rio, indicando os pontos fortes e fracos do espa\u00e7o, al\u00e9m de sugerir medidas que garantam ao MAMM a condi\u00e7\u00e3o de excel\u00eancia na preserva\u00e7\u00e3o e conserva\u00e7\u00e3o de patrim\u00f4nio cultural.<\/p>\n<p>Al\u00e9m da visita t\u00e9cnica, o especialista realizar\u00e1 a palestra &#8220;Gest\u00e3o de risco em Acervos Culturais&#8221;, no dia 4, \u00e0s 14h, no anfiteatro do MAMM, aberta ao p\u00fablico. Na ocasi\u00e3o, Pedersoli explicar\u00e1 os m\u00e9todos e crit\u00e9rios de seguran\u00e7a normatizados pelo International Centre for the Study of the Preservation and Restoration of Cultural Property (ICCROM &#8211; Centro Internacional de Estudos para a Conserva\u00e7\u00e3o e Restauro de Bens Culturais), organiza\u00e7\u00e3o ligada \u00e0 ONU, voltada \u00e0s quest\u00f5es de preserva\u00e7\u00e3o de patrim\u00f4nio cultural pelo mundo, na qual trabalhou.<\/p>\n<p>Em s\u00edntese, a metodologia realiza a an\u00e1lise de risco em c\u00edrculos conc\u00eantricos &#8211; partindo dos fatores externos at\u00e9 os internos &#8211; levando em conta desde o entorno do bem cultural, passando pelo pr\u00e9dio, seus andares, salas, arm\u00e1rios, at\u00e9 os objetos art\u00edstico-culturais e sua composi\u00e7\u00e3o material: \u00e9 afetado pela incid\u00eancia? \u00e9 inflam\u00e1vel? \u00e9 hidr\u00f3filo? etc.\u00a0 Como explica Pedersoli, &#8220;a metodologia envolve a compreens\u00e3o do contexto em que se encontra inserido o acervo cultural, a &#8216;valora\u00e7\u00e3o&#8217; do acervo para fins de risco, a partir da an\u00e1lise quantitativa e sele\u00e7\u00e3o de op\u00e7\u00f5es eficazes para mitiga\u00e7\u00e3o dos riscos&#8221;.<\/p>\n<p>&nbsp;<\/p>\n<p><span style=\"font-size: 12pt;\"><strong>CURR\u00cdCULO<\/strong><\/span><\/p>\n<p>Considerado um dos maiores especialistas do pa\u00eds em Gest\u00e3o de Risco para patrim\u00f4nio cultural, Jos\u00e9 Luiz Pedersoli J\u00fanior \u00e9 qu\u00edmico formado pela Universidade Federal de Minas Gerais (UFMG) e Mestre em Qu\u00edmica de Pol\u00edmeros, com \u00eanfase na \u00e1rea da conserva\u00e7\u00e3o patrimonial pela Universidade de Helsinki (Finl\u00e2ndia). Morando na Europa, trabalhou durante anos como cientista da conserva\u00e7\u00e3o no Instituto Holand\u00eas do Patrim\u00f4nio Cultural, e depois em Roma, no Centro Internacional para o Estudo da Preserva\u00e7\u00e3o e Restaura\u00e7\u00e3o do Patrim\u00f4nio Cultural (ICCROM).<\/p>\n<p>&nbsp;<\/p>\n<p><span style=\"font-size: 12pt;\"><strong>ACERVO DO MAMM<\/strong><\/span><\/p>\n<p>O Museu de Arte Murilo Mendes (MAMM) abriga a biblioteca e a cole\u00e7\u00e3o de artes visuais do escritor. Os quase tr\u00eas mil volumes da biblioteca do poeta chegaram \u00e0 Universidade em 1976, um ano ap\u00f3s sua morte. Este acervo \u00e9\u00a0 importante para pesquisa sobre a subst\u00e2ncia do pensamento muriliano, al\u00e9m de ser importante fonte para documenta\u00e7\u00e3o da vida intelectual brasileira no per\u00edodo de vida do poeta, uma vez que abriga, al\u00e9m dos livros, cartas, fotos e jornais, nos quais constam o interc\u00e2mbio cultural da \u00e9poca.<\/p>\n<p>Por sua vez,\u00a0 o acervo de artes visuais do MAMM foi transferido para a UFJF em 1994, sendo considerado o maior ingresso de arte internacional no pa\u00eds desde as doa\u00e7\u00f5es de Assis Chateaubriand e Pietro Maria Bardi, e, portanto, a maior cole\u00e7\u00e3o internacional de arte moderna no Estado de Minas Gerais. Na cole\u00e7\u00e3o de arte brasileira, destacam-se Ismael Nery, Guignard, L\u00edvio Abramo, Portinari, Fl\u00e1vio de Carvalho, Jorge de Lima, Athos Bulc\u00e3o, Geraldo de Barros e outros. Na cole\u00e7\u00e3o estrangeira, figuram nomes de not\u00f3ria import\u00e2ncia na hist\u00f3ria da arte e no contexto do Modernismo, como Picasso, Braque, Mir\u00f3, Max Ernest, Arp, Vieira da Silva, Arpad Szenes, Magnelli, Rouault, Severini, De Chirico e James Ensor. Soma-se \u00e0 cole\u00e7\u00e3o do poeta obras de arte contempor\u00e2nea e moderna adquiridas pelo MAMM.<\/p>\n<p>Neste m\u00eas de junho de 2018, o MAMM recebeu o selo de registro do Instituto Brasileiro de Museus. Foi a primeira institui\u00e7\u00e3o da regi\u00e3o a obter esse reconhecimento, que atesta seu enquadramento nos padr\u00f5es nacionais museol\u00f3gicos.<\/p>\n<p>&nbsp;<\/p>\n<p><strong>Servi\u00e7o<\/strong><\/p>\n<p>Visita T\u00e9cnica e Palestra &#8220;Gest\u00e3o de Riscos em Acervos Culturais&#8221; por Jos\u00e9 Luiz Pedersoli<\/p>\n<p>&#8211; Data: 4 de julho (quarta-feira)<\/p>\n<p>&#8211; Hor\u00e1rio: 14h<\/p>\n<p>&#8211; Local:\u00a0 Museu de Arte Murilo Mendes &#8211; Rua Benjamin Constant, 790,\u00a0 Centro, Juiz de Fora<\/p>\n<p>Entrada Franca<\/p>\n<p>&nbsp;<\/p>\n<p>Fonte: Assessoria<\/p>\n","protected":false},"excerpt":{"rendered":"<p>Com o objetivo de aprimorar as condi\u00e7\u00f5es de preserva\u00e7\u00e3o de seu patrim\u00f4nio, o Museu de Arte Murilo Mendes (MAMM) receber\u00e1, nos dias 2, 3 e 4 de julho, o\u00a0 consultor internacional e especialista em Gest\u00e3o de Risco, Jos\u00e9 Luiz Pedersoli J\u00fanior.\u00a0 O consultor far\u00e1 um diagn\u00f3stico\u00a0 das caracter\u00edsticas geogr\u00e1ficas e clim\u00e1ticas do MAMM, al\u00e9m de [&hellip;]<\/p>\n","protected":false},"author":96,"featured_media":109645,"comment_status":"closed","ping_status":"closed","sticky":false,"template":"","format":"standard","meta":{"footnotes":""},"categories":[253,439],"tags":[],"class_list":["post-109643","post","type-post","status-publish","format-standard","has-post-thumbnail","hentry","category-cidade","category-ultima-hora"],"_links":{"self":[{"href":"https:\/\/diarioregionaldigital.com.br\/index.php?rest_route=\/wp\/v2\/posts\/109643","targetHints":{"allow":["GET"]}}],"collection":[{"href":"https:\/\/diarioregionaldigital.com.br\/index.php?rest_route=\/wp\/v2\/posts"}],"about":[{"href":"https:\/\/diarioregionaldigital.com.br\/index.php?rest_route=\/wp\/v2\/types\/post"}],"author":[{"embeddable":true,"href":"https:\/\/diarioregionaldigital.com.br\/index.php?rest_route=\/wp\/v2\/users\/96"}],"replies":[{"embeddable":true,"href":"https:\/\/diarioregionaldigital.com.br\/index.php?rest_route=%2Fwp%2Fv2%2Fcomments&post=109643"}],"version-history":[{"count":0,"href":"https:\/\/diarioregionaldigital.com.br\/index.php?rest_route=\/wp\/v2\/posts\/109643\/revisions"}],"wp:featuredmedia":[{"embeddable":true,"href":"https:\/\/diarioregionaldigital.com.br\/index.php?rest_route=\/wp\/v2\/media\/109645"}],"wp:attachment":[{"href":"https:\/\/diarioregionaldigital.com.br\/index.php?rest_route=%2Fwp%2Fv2%2Fmedia&parent=109643"}],"wp:term":[{"taxonomy":"category","embeddable":true,"href":"https:\/\/diarioregionaldigital.com.br\/index.php?rest_route=%2Fwp%2Fv2%2Fcategories&post=109643"},{"taxonomy":"post_tag","embeddable":true,"href":"https:\/\/diarioregionaldigital.com.br\/index.php?rest_route=%2Fwp%2Fv2%2Ftags&post=109643"}],"curies":[{"name":"wp","href":"https:\/\/api.w.org\/{rel}","templated":true}]}}