{"id":109637,"date":"2018-06-28T10:17:33","date_gmt":"2018-06-28T13:17:33","guid":{"rendered":"http:\/\/diarioregionaljf.com.br\/?p=109637"},"modified":"2018-06-28T10:17:57","modified_gmt":"2018-06-28T13:17:57","slug":"seminario-na-ufjf-discute-30-anos-do-sus-constitucional","status":"publish","type":"post","link":"https:\/\/diarioregionaldigital.com.br\/?p=109637","title":{"rendered":"Semin\u00e1rio na UFJF discute 30 anos do SUS Constitucional"},"content":{"rendered":"<p>Propondo uma an\u00e1lise simultaneamente hist\u00f3rica e atual do Sistema \u00danico de Sa\u00fade (SUS), o evento \u201c30 anos do SUS Constitucional: desafios ao trabalho do Servi\u00e7o Social na Sa\u00fade\u201d ocorre na pr\u00f3xima sexta-feira, 29, \u00e0s 8h. O encontro \u00e9 promovido pelos professores Marco Duarte e Sabrina Paiva e acontece no audit\u00f3rio da<a href=\"http:\/\/www.ufjf.br\/facssocial\" target=\"_blank\" rel=\"noopener\">\u00a0Faculdade de Servi\u00e7o Social<\/a>\u00a0da Universidade Federal de Juiz de Fora (UFJF).<\/p>\n<p>O semin\u00e1rio consiste em duas mesas que objetivam debater de maneira cr\u00edtica o funcionamento do SUS e a atua\u00e7\u00e3o do assistente social nesse sistema, como afirma a especialista em sa\u00fade coletiva e organizadora do evento, Sabrina Paiva. \u201cTendo em vista que, neste ano, n\u00f3s completamos 30 anos da cria\u00e7\u00e3o do SUS, achamos interessante ter um evento que discuta os desafios que tivemos nesse per\u00edodo e o contexto atual de desconstru\u00e7\u00e3o do sistema p\u00fablico de sa\u00fade. Ent\u00e3o, n\u00f3s vamos discutir os princ\u00edpios do SUS e trabalhar com os desafios que temos atualmente para a efetiva concretiza\u00e7\u00e3o do sistema, debatendo tamb\u00e9m o trabalho do assistente social em diversos equipamentos de sa\u00fade\u201d.<\/p>\n<p>Primeiramente pensado como uma palestra voltada para as disciplinas \u201cPol\u00edtica e Seguridade\u201d e \u201cLaborat\u00f3rio em \u00c1rea de Interven\u00e7\u00e3o\u201d, do curso de gradua\u00e7\u00e3o em Servi\u00e7o Social da UFJF, o encontro teve perspectiva ampliada e ganhou apoio de profissionais de diversas \u00e1reas, segundo Sabrina. \u201cInicialmente, eu e o professor Marco Duarte ir\u00edamos utilizar o semin\u00e1rio para o fechamento das nossas mat\u00e9rias na gradua\u00e7\u00e3o. Mas, ao escolher um tema t\u00e3o amplo, achamos que seria interessante abrir o evento para a comunidade acad\u00eamica e para todos que tiverem interesse no assunto. Ent\u00e3o convidamos professores e pessoas inseridas na \u00e1rea da sa\u00fade que trabalham nesse campo para participar das discuss\u00f5es\u201d.<\/p>\n<p>A programa\u00e7\u00e3o prev\u00ea a primeira mesa de debates \u00e0s 8h15, abordando o contexto hist\u00f3rico e pol\u00edtico da reforma sanit\u00e1ria e os atuais desafios do Servi\u00e7o Social na \u00e1rea da sa\u00fade, com modera\u00e7\u00e3o do professor Marco Jos\u00e9 Duarte. Em seguida, \u00e0s 10h, Sabrina Paiva ministra a segunda mesa do evento, que conta com assistentes sociais de diversas \u00e1reas da sa\u00fade para tratar das contribui\u00e7\u00f5es do Servi\u00e7o Social ao SUS e os desafios para o trabalho profissional na \u00e1rea.<\/p>\n<p>O semin\u00e1rio \u00e9 gratuito e confere certificado para quem fizer a inscri\u00e7\u00e3o, que ocorre no momento do evento.<\/p>\n<p>&nbsp;<\/p>\n<p>Fonte: Assessoria<\/p>\n","protected":false},"excerpt":{"rendered":"<p>Propondo uma an\u00e1lise simultaneamente hist\u00f3rica e atual do Sistema \u00danico de Sa\u00fade (SUS), o evento \u201c30 anos do SUS Constitucional: desafios ao trabalho do Servi\u00e7o Social na Sa\u00fade\u201d ocorre na pr\u00f3xima sexta-feira, 29, \u00e0s 8h. O encontro \u00e9 promovido pelos professores Marco Duarte e Sabrina Paiva e acontece no audit\u00f3rio da\u00a0Faculdade de Servi\u00e7o Social\u00a0da Universidade [&hellip;]<\/p>\n","protected":false},"author":96,"featured_media":105098,"comment_status":"closed","ping_status":"closed","sticky":false,"template":"","format":"standard","meta":{"footnotes":""},"categories":[253,439],"tags":[],"class_list":["post-109637","post","type-post","status-publish","format-standard","has-post-thumbnail","hentry","category-cidade","category-ultima-hora"],"_links":{"self":[{"href":"https:\/\/diarioregionaldigital.com.br\/index.php?rest_route=\/wp\/v2\/posts\/109637","targetHints":{"allow":["GET"]}}],"collection":[{"href":"https:\/\/diarioregionaldigital.com.br\/index.php?rest_route=\/wp\/v2\/posts"}],"about":[{"href":"https:\/\/diarioregionaldigital.com.br\/index.php?rest_route=\/wp\/v2\/types\/post"}],"author":[{"embeddable":true,"href":"https:\/\/diarioregionaldigital.com.br\/index.php?rest_route=\/wp\/v2\/users\/96"}],"replies":[{"embeddable":true,"href":"https:\/\/diarioregionaldigital.com.br\/index.php?rest_route=%2Fwp%2Fv2%2Fcomments&post=109637"}],"version-history":[{"count":0,"href":"https:\/\/diarioregionaldigital.com.br\/index.php?rest_route=\/wp\/v2\/posts\/109637\/revisions"}],"wp:featuredmedia":[{"embeddable":true,"href":"https:\/\/diarioregionaldigital.com.br\/index.php?rest_route=\/wp\/v2\/media\/105098"}],"wp:attachment":[{"href":"https:\/\/diarioregionaldigital.com.br\/index.php?rest_route=%2Fwp%2Fv2%2Fmedia&parent=109637"}],"wp:term":[{"taxonomy":"category","embeddable":true,"href":"https:\/\/diarioregionaldigital.com.br\/index.php?rest_route=%2Fwp%2Fv2%2Fcategories&post=109637"},{"taxonomy":"post_tag","embeddable":true,"href":"https:\/\/diarioregionaldigital.com.br\/index.php?rest_route=%2Fwp%2Fv2%2Ftags&post=109637"}],"curies":[{"name":"wp","href":"https:\/\/api.w.org\/{rel}","templated":true}]}}