{"id":109628,"date":"2018-06-28T09:10:20","date_gmt":"2018-06-28T12:10:20","guid":{"rendered":"http:\/\/diarioregionaljf.com.br\/?p=109628"},"modified":"2018-06-28T09:10:36","modified_gmt":"2018-06-28T12:10:36","slug":"dois-sao-assaltados-enquanto-trabalhavam-nas-ruas-de-jf","status":"publish","type":"post","link":"https:\/\/diarioregionaldigital.com.br\/?p=109628","title":{"rendered":"Dois s\u00e3o assaltados enquanto trabalhavam nas ruas de JF"},"content":{"rendered":"<p>Um jovem de 19 anos e um homem de 36 foram v\u00edtimas de assalto enquanto trabalhavam nas ruas de Juiz de Fora na tarde dessa quarta-feira, 27. Os casos ocorreram, respectivamente, nos bairros Bandeirantes, zona Nordeste, e Vila Olavo Costa, regi\u00e3o Sudeste da cidade.<\/p>\n<p>Conforme a Pol\u00edcia Militar (PM), o rapaz de 19 anos relatou que entregava panfletos na Rua Sargento Cunha quando foi abordado por tr\u00eas indiv\u00edduos. Usando de for\u00e7a f\u00edsica, os autores subtra\u00edram um cord\u00e3o de prata e uma pulseira da v\u00edtima.<\/p>\n<p>Foi realizado rastreamento aos autores, mas eles n\u00e3o foram localizados.<\/p>\n<p>No bairro Vila Olavo Costa, o funcion\u00e1rio de uma empresa de telecomunica\u00e7\u00f5es fazia alguns servi\u00e7os na Travessa Carneiro da Silva quando foi rendido por tr\u00eas indiv\u00edduos, um deles armado com rev\u00f3lver. O referido autor anunciou o assalto e roubou o celular do homem.<\/p>\n<p>Os assaltantes fugiram ap\u00f3s o crime e n\u00e3o foram localizados.<\/p>\n","protected":false},"excerpt":{"rendered":"<p>Um jovem de 19 anos e um homem de 36 foram v\u00edtimas de assalto enquanto trabalhavam nas ruas de Juiz de Fora na tarde dessa quarta-feira, 27. Os casos ocorreram, respectivamente, nos bairros Bandeirantes, zona Nordeste, e Vila Olavo Costa, regi\u00e3o Sudeste da cidade. Conforme a Pol\u00edcia Militar (PM), o rapaz de 19 anos relatou [&hellip;]<\/p>\n","protected":false},"author":96,"featured_media":95836,"comment_status":"closed","ping_status":"closed","sticky":false,"template":"","format":"standard","meta":{"footnotes":""},"categories":[301,439],"tags":[],"class_list":["post-109628","post","type-post","status-publish","format-standard","has-post-thumbnail","hentry","category-artigos-policiais","category-ultima-hora"],"_links":{"self":[{"href":"https:\/\/diarioregionaldigital.com.br\/index.php?rest_route=\/wp\/v2\/posts\/109628","targetHints":{"allow":["GET"]}}],"collection":[{"href":"https:\/\/diarioregionaldigital.com.br\/index.php?rest_route=\/wp\/v2\/posts"}],"about":[{"href":"https:\/\/diarioregionaldigital.com.br\/index.php?rest_route=\/wp\/v2\/types\/post"}],"author":[{"embeddable":true,"href":"https:\/\/diarioregionaldigital.com.br\/index.php?rest_route=\/wp\/v2\/users\/96"}],"replies":[{"embeddable":true,"href":"https:\/\/diarioregionaldigital.com.br\/index.php?rest_route=%2Fwp%2Fv2%2Fcomments&post=109628"}],"version-history":[{"count":0,"href":"https:\/\/diarioregionaldigital.com.br\/index.php?rest_route=\/wp\/v2\/posts\/109628\/revisions"}],"wp:featuredmedia":[{"embeddable":true,"href":"https:\/\/diarioregionaldigital.com.br\/index.php?rest_route=\/wp\/v2\/media\/95836"}],"wp:attachment":[{"href":"https:\/\/diarioregionaldigital.com.br\/index.php?rest_route=%2Fwp%2Fv2%2Fmedia&parent=109628"}],"wp:term":[{"taxonomy":"category","embeddable":true,"href":"https:\/\/diarioregionaldigital.com.br\/index.php?rest_route=%2Fwp%2Fv2%2Fcategories&post=109628"},{"taxonomy":"post_tag","embeddable":true,"href":"https:\/\/diarioregionaldigital.com.br\/index.php?rest_route=%2Fwp%2Fv2%2Ftags&post=109628"}],"curies":[{"name":"wp","href":"https:\/\/api.w.org\/{rel}","templated":true}]}}