{"id":109626,"date":"2018-06-28T08:45:02","date_gmt":"2018-06-28T11:45:02","guid":{"rendered":"http:\/\/diarioregionaljf.com.br\/?p=109626"},"modified":"2018-06-28T08:45:25","modified_gmt":"2018-06-28T11:45:25","slug":"presos-no-rio-milicianos-que-falsificavam-e-vendiam-bebidas-a-bares","status":"publish","type":"post","link":"https:\/\/diarioregionaldigital.com.br\/?p=109626","title":{"rendered":"Presos no Rio milicianos que falsificavam e vendiam bebidas a bares"},"content":{"rendered":"<p>A Pol\u00edcia Civil fez, na noite de ontem, 27, uma opera\u00e7\u00e3o contra a mil\u00edcia que atua na Gard\u00eania Azul, zona oeste do Rio de Janeiro, e prendeu cinco pessoas durante uma opera\u00e7\u00e3o para estourar dois dep\u00f3sitos de bebidas adulteradas que eram distribu\u00eddas em restaurantes e bares sofisticados de Ipanema e Jardim Bot\u00e2nico, na zona sul da cidade.<\/p>\n<p>Dois empres\u00e1rios com com\u00e9rcio na Zona Sul procuraram os policiais informando que vinham sendo pressionados por homens ligados ao grupo paramilitar que age na Gard\u00eania Azul para comprar a bebida adulterada.<\/p>\n<p>Em dois dep\u00f3sitos, os agentes encontraram centenas de garrafas de vodca importada em caixas, u\u00edsque e garrafas de \u00e1lcool que eram misturados em bebidas. As bebidas adulteradas seriam distribu\u00eddas para o consumo, caso os empres\u00e1rios n\u00e3o tivessem procurado a pol\u00edcia. Na a\u00e7\u00e3o, os agentes tamb\u00e9m recolheram m\u00e1quinas de ca\u00e7a-n\u00edqueis.<\/p>\n<p>&nbsp;<\/p>\n<p><span style=\"font-size: 12pt;\"><strong>PRIS\u00c3O DE L\u00cdDER DO PCC<\/strong><\/span><\/p>\n<p>Em outra a\u00e7\u00e3o, agentes da Delegacia de Combate \u00e0s Drogas (DCOD) prenderam, nessa quarta-feira, 27, Carlos Alexandre Lucas, conhecido como Tin\u00e9sio e Jenifer de Souza Lima, acusados de tr\u00e1fico de drogas.<\/p>\n<p>De acordo com os policiais, o casal foi detido na sa\u00edda da Rodovi\u00e1ria Novo Rio. Carlos j\u00e1 vinha sendo monitorado h\u00e1 v\u00e1rios meses por ser o l\u00edder da fac\u00e7\u00e3o criminosa paulista Primeiro Comando da Capital (PCC) no Estado do Rio.<\/p>\n<p>De acordo com a pol\u00edcia, Carlos Alexandre tinha envolvimento com traficantes do Complexo da Mar\u00e9, que engloba a Vila dos Pinheiros, Baixa do Sapateiro, Vila do Jo\u00e3o, Morro do Timbau, Salsa &amp; Merengue e Conjunto Esperan\u00e7a, na zona norte da cidade.<\/p>\n<p>A pol\u00edcia vinha investigando a alian\u00e7a entre as organiza\u00e7\u00f5es criminosas de S\u00e3o Paulo e do Rio e constatou que Carlos fazia a liga\u00e7\u00e3o entre ambas e facilitava a aquisi\u00e7\u00e3o de armas e drogas, al\u00e9m de ser o respons\u00e1vel pelos integrantes do PCC em liberdade no Rio de Janeiro.<\/p>\n<p>A pris\u00e3o ocorreu no momento em que Carlos Alexandre aguardava Jenifer, que chegava de Minas Gerais, e trazia cinco quilos de pasta de coca\u00edna.<\/p>\n<p>&nbsp;<\/p>\n<p><strong>Fonte: Ag\u00eancia Brasil<\/strong><\/p>\n","protected":false},"excerpt":{"rendered":"<p>A Pol\u00edcia Civil fez, na noite de ontem, 27, uma opera\u00e7\u00e3o contra a mil\u00edcia que atua na Gard\u00eania Azul, zona oeste do Rio de Janeiro, e prendeu cinco pessoas durante uma opera\u00e7\u00e3o para estourar dois dep\u00f3sitos de bebidas adulteradas que eram distribu\u00eddas em restaurantes e bares sofisticados de Ipanema e Jardim Bot\u00e2nico, na zona sul [&hellip;]<\/p>\n","protected":false},"author":96,"featured_media":97709,"comment_status":"closed","ping_status":"closed","sticky":false,"template":"","format":"standard","meta":{"footnotes":""},"categories":[302,439],"tags":[],"class_list":["post-109626","post","type-post","status-publish","format-standard","has-post-thumbnail","hentry","category-brasil-mundo","category-ultima-hora"],"_links":{"self":[{"href":"https:\/\/diarioregionaldigital.com.br\/index.php?rest_route=\/wp\/v2\/posts\/109626","targetHints":{"allow":["GET"]}}],"collection":[{"href":"https:\/\/diarioregionaldigital.com.br\/index.php?rest_route=\/wp\/v2\/posts"}],"about":[{"href":"https:\/\/diarioregionaldigital.com.br\/index.php?rest_route=\/wp\/v2\/types\/post"}],"author":[{"embeddable":true,"href":"https:\/\/diarioregionaldigital.com.br\/index.php?rest_route=\/wp\/v2\/users\/96"}],"replies":[{"embeddable":true,"href":"https:\/\/diarioregionaldigital.com.br\/index.php?rest_route=%2Fwp%2Fv2%2Fcomments&post=109626"}],"version-history":[{"count":0,"href":"https:\/\/diarioregionaldigital.com.br\/index.php?rest_route=\/wp\/v2\/posts\/109626\/revisions"}],"wp:featuredmedia":[{"embeddable":true,"href":"https:\/\/diarioregionaldigital.com.br\/index.php?rest_route=\/wp\/v2\/media\/97709"}],"wp:attachment":[{"href":"https:\/\/diarioregionaldigital.com.br\/index.php?rest_route=%2Fwp%2Fv2%2Fmedia&parent=109626"}],"wp:term":[{"taxonomy":"category","embeddable":true,"href":"https:\/\/diarioregionaldigital.com.br\/index.php?rest_route=%2Fwp%2Fv2%2Fcategories&post=109626"},{"taxonomy":"post_tag","embeddable":true,"href":"https:\/\/diarioregionaldigital.com.br\/index.php?rest_route=%2Fwp%2Fv2%2Ftags&post=109626"}],"curies":[{"name":"wp","href":"https:\/\/api.w.org\/{rel}","templated":true}]}}