{"id":109617,"date":"2018-06-28T07:49:49","date_gmt":"2018-06-28T10:49:49","guid":{"rendered":"http:\/\/diarioregionaljf.com.br\/?p=109617"},"modified":"2018-06-28T07:53:46","modified_gmt":"2018-06-28T10:53:46","slug":"motorista-morre-apos-carro-ser-atingido-por-onibus-no-ceramica","status":"publish","type":"post","link":"https:\/\/diarioregionaldigital.com.br\/?p=109617","title":{"rendered":"Motorista morre ap\u00f3s carro ser atingido por \u00f4nibus no Cer\u00e2mica"},"content":{"rendered":"<p>Um homem de 51 anos morreu ap\u00f3s o carro que ele conduzia ser atingido por um \u00f4nibus do transporte coletivo no Viaduto \u00a0Engenheiro Ramirez Mozzato Gonzalez, bairro Cer\u00e2mica, Zona Norte da cidade, na noite dessa quarta-feira, 27. Os passageiros do \u00f4nibus n\u00e3o sofreram ferimentos.<\/p>\n<p>De acordo com informa\u00e7\u00f5es da Pol\u00edcia Militar (PM) e do Corpo de Bombeiros, relatos d\u00e3o conta de que a v\u00edtima acessou o viaduto pela contram\u00e3o, momento no qual o \u00f4nibus atingiu a lateral de seu carro. O autom\u00f3vel foi arrastado at\u00e9 a prote\u00e7\u00e3o de concreto da pista.<\/p>\n<p>O motorista do coletivo informou \u00e0 pol\u00edcia que quando se deparou com o carro n\u00e3o foi poss\u00edvel desviar para evitar o acidente.<\/p>\n<p>&nbsp;<\/p>\n<div id=\"attachment_109620\" style=\"width: 1034px\" class=\"wp-caption aligncenter\"><img loading=\"lazy\" decoding=\"async\" aria-describedby=\"caption-attachment-109620\" class=\"wp-image-109620 size-large\" src=\"http:\/\/diarioregionaljf.com.br\/wp-content\/uploads\/2018\/06\/acidente-1024x768.jpg\" alt=\"\" width=\"1024\" height=\"768\" srcset=\"https:\/\/diarioregionaldigital.com.br\/wp-content\/uploads\/2018\/06\/acidente-1024x768.jpg 1024w, https:\/\/diarioregionaldigital.com.br\/wp-content\/uploads\/2018\/06\/acidente-300x225.jpg 300w, https:\/\/diarioregionaldigital.com.br\/wp-content\/uploads\/2018\/06\/acidente-768x576.jpg 768w, https:\/\/diarioregionaldigital.com.br\/wp-content\/uploads\/2018\/06\/acidente-360x270.jpg 360w, https:\/\/diarioregionaldigital.com.br\/wp-content\/uploads\/2018\/06\/acidente.jpg 1280w\" sizes=\"auto, (max-width: 1024px) 100vw, 1024px\" \/><p id=\"caption-attachment-109620\" class=\"wp-caption-text\">Carro foi atingido na lateral e arrastado at\u00e9 a prote\u00e7\u00e3o de concreto do viaduto. Foto: Divulga\u00e7\u00e3o\/Corpo de Bombeiros<\/p><\/div>\n<p>&nbsp;<\/p>\n<p>Ainda segundo o Corpo de Bombeiros, a v\u00edtima foi retirada do ve\u00edculo pelas guarni\u00e7\u00f5es e de imediato os militares iniciaram manobras de ressuscita\u00e7\u00e3o cardiorrespirat\u00f3ria. Ap\u00f3s a chegada de uma ambul\u00e2ncia do SAMU, o motorista foi repassado aos cuidados da m\u00e9dica respons\u00e1vel. Ele chegou a ser conduzido ao Hospital de Pronto Socorro (HPS), mas n\u00e3o resistiu aos ferimentos e morreu.<\/p>\n<p>A per\u00edcia t\u00e9cnica foi acionada e ap\u00f3s trabalhos de praxe liberou o local. Os ve\u00edculos envolvidos no acidente tamb\u00e9m foram liberados, sendo o carro removido por um auto socorro.<\/p>\n","protected":false},"excerpt":{"rendered":"<p>Um homem de 51 anos morreu ap\u00f3s o carro que ele conduzia ser atingido por um \u00f4nibus do transporte coletivo no Viaduto \u00a0Engenheiro Ramirez Mozzato Gonzalez, bairro Cer\u00e2mica, Zona Norte da cidade, na noite dessa quarta-feira, 27. Os passageiros do \u00f4nibus n\u00e3o sofreram ferimentos. De acordo com informa\u00e7\u00f5es da Pol\u00edcia Militar (PM) e do Corpo [&hellip;]<\/p>\n","protected":false},"author":96,"featured_media":109618,"comment_status":"closed","ping_status":"closed","sticky":false,"template":"","format":"standard","meta":{"footnotes":""},"categories":[253,440],"tags":[],"class_list":["post-109617","post","type-post","status-publish","format-standard","has-post-thumbnail","hentry","category-cidade","category-destaques-do-dia"],"_links":{"self":[{"href":"https:\/\/diarioregionaldigital.com.br\/index.php?rest_route=\/wp\/v2\/posts\/109617","targetHints":{"allow":["GET"]}}],"collection":[{"href":"https:\/\/diarioregionaldigital.com.br\/index.php?rest_route=\/wp\/v2\/posts"}],"about":[{"href":"https:\/\/diarioregionaldigital.com.br\/index.php?rest_route=\/wp\/v2\/types\/post"}],"author":[{"embeddable":true,"href":"https:\/\/diarioregionaldigital.com.br\/index.php?rest_route=\/wp\/v2\/users\/96"}],"replies":[{"embeddable":true,"href":"https:\/\/diarioregionaldigital.com.br\/index.php?rest_route=%2Fwp%2Fv2%2Fcomments&post=109617"}],"version-history":[{"count":0,"href":"https:\/\/diarioregionaldigital.com.br\/index.php?rest_route=\/wp\/v2\/posts\/109617\/revisions"}],"wp:featuredmedia":[{"embeddable":true,"href":"https:\/\/diarioregionaldigital.com.br\/index.php?rest_route=\/wp\/v2\/media\/109618"}],"wp:attachment":[{"href":"https:\/\/diarioregionaldigital.com.br\/index.php?rest_route=%2Fwp%2Fv2%2Fmedia&parent=109617"}],"wp:term":[{"taxonomy":"category","embeddable":true,"href":"https:\/\/diarioregionaldigital.com.br\/index.php?rest_route=%2Fwp%2Fv2%2Fcategories&post=109617"},{"taxonomy":"post_tag","embeddable":true,"href":"https:\/\/diarioregionaldigital.com.br\/index.php?rest_route=%2Fwp%2Fv2%2Ftags&post=109617"}],"curies":[{"name":"wp","href":"https:\/\/api.w.org\/{rel}","templated":true}]}}