{"id":109515,"date":"2018-06-27T09:13:46","date_gmt":"2018-06-27T12:13:46","guid":{"rendered":"http:\/\/diarioregionaljf.com.br\/?p=109515"},"modified":"2018-06-27T09:13:46","modified_gmt":"2018-06-27T12:13:46","slug":"agencias-bancarias-tem-hoje-horario-especial","status":"publish","type":"post","link":"https:\/\/diarioregionaldigital.com.br\/?p=109515","title":{"rendered":"Ag\u00eancias banc\u00e1rias t\u00eam hoje hor\u00e1rio especial"},"content":{"rendered":"<p>As ag\u00eancias banc\u00e1rias abrem nesta quarta-feira, 27, em hor\u00e1rio especial devido ao jogo da Sele\u00e7\u00e3o Brasileira de Futebol, \u00e0s 15h. O funcionamento das ag\u00eancias ser\u00e1 das 9h \u00e0s 13h, segundo a Federa\u00e7\u00e3o Brasileira de Bancos (Febraban).<\/p>\n<p>Segundo a entidade, n\u00e3o h\u00e1 atendimento em hor\u00e1rio de jogos do Brasil \u201cpor motivo de seguran\u00e7a das ag\u00eancias e de transporte de valores\u201d. A Febraban acrescentou que a defini\u00e7\u00e3o dos hor\u00e1rios em dias de jogos da Copa foi feita de acordo com circular do Banco Central. Em dia de jogo \u00e0s 9h, o atendimento ao p\u00fablico nas ag\u00eancias banc\u00e1rias ser\u00e1 das 13h \u00e0s 17h. Quando a partida for \u00e0s 11h, as ag\u00eancias abrem das 8h30 \u00e0s 10h30 e das 14h \u00e0s 16h. Em dia de jogo \u00e0s 15h, o atendimento ser\u00e1 das 9h \u00e0s 13h.<\/p>\n<p>A federa\u00e7\u00e3o lembra que os bancos dever\u00e3o afixar nas ag\u00eancias aviso sobre o hor\u00e1rio de atendimento nos dias de jogos do Brasil, com anteced\u00eancia m\u00ednima de 48 horas.<\/p>\n<p>A Febraban lembra ainda que as institui\u00e7\u00f5es banc\u00e1rias oferecem aos clientes alternativas como caixas eletr\u00f4nicos, internet banking, aplicativo no celular (mobile banking) e opera\u00e7\u00f5es banc\u00e1rias por telefone. Esses canais de atendimento funcionam normalmente em hor\u00e1rios de jogos.<\/p>\n<p>&nbsp;<\/p>\n<p>Fonte: Ag\u00eancia Brasil<\/p>\n","protected":false},"excerpt":{"rendered":"<p>As ag\u00eancias banc\u00e1rias abrem nesta quarta-feira, 27, em hor\u00e1rio especial devido ao jogo da Sele\u00e7\u00e3o Brasileira de Futebol, \u00e0s 15h. O funcionamento das ag\u00eancias ser\u00e1 das 9h \u00e0s 13h, segundo a Federa\u00e7\u00e3o Brasileira de Bancos (Febraban). Segundo a entidade, n\u00e3o h\u00e1 atendimento em hor\u00e1rio de jogos do Brasil \u201cpor motivo de seguran\u00e7a das ag\u00eancias e [&hellip;]<\/p>\n","protected":false},"author":96,"featured_media":109518,"comment_status":"closed","ping_status":"closed","sticky":false,"template":"","format":"standard","meta":{"footnotes":""},"categories":[302,439],"tags":[],"class_list":["post-109515","post","type-post","status-publish","format-standard","has-post-thumbnail","hentry","category-brasil-mundo","category-ultima-hora"],"_links":{"self":[{"href":"https:\/\/diarioregionaldigital.com.br\/index.php?rest_route=\/wp\/v2\/posts\/109515","targetHints":{"allow":["GET"]}}],"collection":[{"href":"https:\/\/diarioregionaldigital.com.br\/index.php?rest_route=\/wp\/v2\/posts"}],"about":[{"href":"https:\/\/diarioregionaldigital.com.br\/index.php?rest_route=\/wp\/v2\/types\/post"}],"author":[{"embeddable":true,"href":"https:\/\/diarioregionaldigital.com.br\/index.php?rest_route=\/wp\/v2\/users\/96"}],"replies":[{"embeddable":true,"href":"https:\/\/diarioregionaldigital.com.br\/index.php?rest_route=%2Fwp%2Fv2%2Fcomments&post=109515"}],"version-history":[{"count":0,"href":"https:\/\/diarioregionaldigital.com.br\/index.php?rest_route=\/wp\/v2\/posts\/109515\/revisions"}],"wp:featuredmedia":[{"embeddable":true,"href":"https:\/\/diarioregionaldigital.com.br\/index.php?rest_route=\/wp\/v2\/media\/109518"}],"wp:attachment":[{"href":"https:\/\/diarioregionaldigital.com.br\/index.php?rest_route=%2Fwp%2Fv2%2Fmedia&parent=109515"}],"wp:term":[{"taxonomy":"category","embeddable":true,"href":"https:\/\/diarioregionaldigital.com.br\/index.php?rest_route=%2Fwp%2Fv2%2Fcategories&post=109515"},{"taxonomy":"post_tag","embeddable":true,"href":"https:\/\/diarioregionaldigital.com.br\/index.php?rest_route=%2Fwp%2Fv2%2Ftags&post=109515"}],"curies":[{"name":"wp","href":"https:\/\/api.w.org\/{rel}","templated":true}]}}