{"id":109508,"date":"2018-06-27T09:00:58","date_gmt":"2018-06-27T12:00:58","guid":{"rendered":"http:\/\/diarioregionaljf.com.br\/?p=109508"},"modified":"2018-06-27T09:01:45","modified_gmt":"2018-06-27T12:01:45","slug":"servidores-do-demlurb-recebem-treinamento-pratico-sobre-prevencao-de-incendios","status":"publish","type":"post","link":"https:\/\/diarioregionaldigital.com.br\/?p=109508","title":{"rendered":"Servidores do Demlurb recebem treinamento pr\u00e1tico sobre preven\u00e7\u00e3o de inc\u00eandios"},"content":{"rendered":"<p>Mais de 60 servidores do Departamento Municipal de Limpeza Urbana (Demlurb), dos setores administrativo e operacional, participaram nesta ter\u00e7a-feira, 26, de treinamento de preven\u00e7\u00e3o e controle de in\u00edcio de inc\u00eandios. A a\u00e7\u00e3o foi ministrada pelo bombeiro civil e t\u00e9cnico de seguran\u00e7a do trabalho, Marcos Ant\u00f4nio de Melo, que repassou aos presentes no\u00e7\u00f5es te\u00f3ricas e pr\u00e1ticas. \u201cO objetivo do treinamento \u00e9 ensinar a agir em a\u00e7\u00e3o preventiva, nunca em corretiva\u201d, explicou Marcos. De acordo com ele, vistoriar o ambiente para identificar condi\u00e7\u00f5es inseguras, que possam ocasionar princ\u00edpio de inc\u00eandio, \u00e9 exemplo de a\u00e7\u00e3o preventiva: \u201cFazemos esse trabalho de conscientiza\u00e7\u00e3o, para que as pessoas possam levar para as situa\u00e7\u00f5es do dia a dia, tornando-se multiplicadores desses ensinamentos.\u201d<\/p>\n<p>Para o servidor do setor de manuten\u00e7\u00e3o, Tarc\u00edsio de Oliveira, o mais importante desse tipo de treinamento \u00e9 identificar os tipos de inc\u00eandios, e saber como lidar com cada um: \u201cAs pessoas acham que todos extintores s\u00e3o iguais, mas existe tipos espec\u00edficos para combater cada classe de inc\u00eandio. Por exemplo, para apagar fogo em eletr\u00f4nicos, o mais indicado \u00e9 o extintor que cont\u00e9m mon\u00f3xido de carbono, pois, al\u00e9m de conter o inc\u00eandio, n\u00e3o danifica o equipamento.\u201d<\/p>\n<p>A\u00e7\u00f5es de qualifica\u00e7\u00e3o do servidor s\u00e3o realizadas periodicamente na pasta, explicou o t\u00e9cnico em seguran\u00e7a do trabalho, Jorge Barros: \u201cAqui, no Demlurb, como qualquer empresa, existem materiais inflam\u00e1veis e fontes energizadas, que podem apresentar riscos. Instru\u00edmos e qualificamos nossos funcion\u00e1rios, para que sejam aptos a agir em um in\u00edcio de inc\u00eandio e impedir que o mesmo ganhe grandes propor\u00e7\u00f5es.\u201d<\/p>\n<p>Fonte: Assessoria \/ PJF<\/p>\n","protected":false},"excerpt":{"rendered":"<p>Mais de 60 servidores do Departamento Municipal de Limpeza Urbana (Demlurb), dos setores administrativo e operacional, participaram nesta ter\u00e7a-feira, 26, de treinamento de preven\u00e7\u00e3o e controle de in\u00edcio de inc\u00eandios. A a\u00e7\u00e3o foi ministrada pelo bombeiro civil e t\u00e9cnico de seguran\u00e7a do trabalho, Marcos Ant\u00f4nio de Melo, que repassou aos presentes no\u00e7\u00f5es te\u00f3ricas e pr\u00e1ticas. [&hellip;]<\/p>\n","protected":false},"author":96,"featured_media":109510,"comment_status":"closed","ping_status":"closed","sticky":false,"template":"","format":"standard","meta":{"footnotes":""},"categories":[253,436,439],"tags":[],"class_list":["post-109508","post","type-post","status-publish","format-standard","has-post-thumbnail","hentry","category-cidade","category-destaque-da-semana","category-ultima-hora"],"_links":{"self":[{"href":"https:\/\/diarioregionaldigital.com.br\/index.php?rest_route=\/wp\/v2\/posts\/109508","targetHints":{"allow":["GET"]}}],"collection":[{"href":"https:\/\/diarioregionaldigital.com.br\/index.php?rest_route=\/wp\/v2\/posts"}],"about":[{"href":"https:\/\/diarioregionaldigital.com.br\/index.php?rest_route=\/wp\/v2\/types\/post"}],"author":[{"embeddable":true,"href":"https:\/\/diarioregionaldigital.com.br\/index.php?rest_route=\/wp\/v2\/users\/96"}],"replies":[{"embeddable":true,"href":"https:\/\/diarioregionaldigital.com.br\/index.php?rest_route=%2Fwp%2Fv2%2Fcomments&post=109508"}],"version-history":[{"count":0,"href":"https:\/\/diarioregionaldigital.com.br\/index.php?rest_route=\/wp\/v2\/posts\/109508\/revisions"}],"wp:featuredmedia":[{"embeddable":true,"href":"https:\/\/diarioregionaldigital.com.br\/index.php?rest_route=\/wp\/v2\/media\/109510"}],"wp:attachment":[{"href":"https:\/\/diarioregionaldigital.com.br\/index.php?rest_route=%2Fwp%2Fv2%2Fmedia&parent=109508"}],"wp:term":[{"taxonomy":"category","embeddable":true,"href":"https:\/\/diarioregionaldigital.com.br\/index.php?rest_route=%2Fwp%2Fv2%2Fcategories&post=109508"},{"taxonomy":"post_tag","embeddable":true,"href":"https:\/\/diarioregionaldigital.com.br\/index.php?rest_route=%2Fwp%2Fv2%2Ftags&post=109508"}],"curies":[{"name":"wp","href":"https:\/\/api.w.org\/{rel}","templated":true}]}}