{"id":109507,"date":"2018-06-27T09:24:10","date_gmt":"2018-06-27T12:24:10","guid":{"rendered":"http:\/\/diarioregionaljf.com.br\/?p=109507"},"modified":"2018-06-27T09:24:40","modified_gmt":"2018-06-27T12:24:40","slug":"foragido-da-justica-e-detido-com-cerca-de-r6-mil-na-zona-norte","status":"publish","type":"post","link":"https:\/\/diarioregionaldigital.com.br\/?p=109507","title":{"rendered":"Foragido da justi\u00e7a \u00e9 detido com cerca de R$6 mil na Zona Norte"},"content":{"rendered":"<p>&nbsp;<\/p>\n<p>Um homem de 31 anos, foragido da justi\u00e7a, foi detido no bairro Ara\u00fajo, Zona Norte da Cidade, na tarde dessa ter\u00e7a-feira, 26. Com ele foram apreendidos R$5,9 mil em dinheiro.<\/p>\n<p>De acordo com o registro de ocorr\u00eancia na Pol\u00edcia Militar (PM), o homem foi abordado na Rua General Fel\u00edcio Lima e, ao checar o sistema, constatou-se haver um mandado de pris\u00e3o contra o mesmo.<\/p>\n<p>O autor foi detido e o dinheiro encontrado com ele foi apreendido.<\/p>\n","protected":false},"excerpt":{"rendered":"<p>&nbsp; Um homem de 31 anos, foragido da justi\u00e7a, foi detido no bairro Ara\u00fajo, Zona Norte da Cidade, na tarde dessa ter\u00e7a-feira, 26. Com ele foram apreendidos R$5,9 mil em dinheiro. De acordo com o registro de ocorr\u00eancia na Pol\u00edcia Militar (PM), o homem foi abordado na Rua General Fel\u00edcio Lima e, ao checar o [&hellip;]<\/p>\n","protected":false},"author":96,"featured_media":95836,"comment_status":"closed","ping_status":"closed","sticky":false,"template":"","format":"standard","meta":{"footnotes":""},"categories":[301,439],"tags":[],"class_list":["post-109507","post","type-post","status-publish","format-standard","has-post-thumbnail","hentry","category-artigos-policiais","category-ultima-hora"],"_links":{"self":[{"href":"https:\/\/diarioregionaldigital.com.br\/index.php?rest_route=\/wp\/v2\/posts\/109507","targetHints":{"allow":["GET"]}}],"collection":[{"href":"https:\/\/diarioregionaldigital.com.br\/index.php?rest_route=\/wp\/v2\/posts"}],"about":[{"href":"https:\/\/diarioregionaldigital.com.br\/index.php?rest_route=\/wp\/v2\/types\/post"}],"author":[{"embeddable":true,"href":"https:\/\/diarioregionaldigital.com.br\/index.php?rest_route=\/wp\/v2\/users\/96"}],"replies":[{"embeddable":true,"href":"https:\/\/diarioregionaldigital.com.br\/index.php?rest_route=%2Fwp%2Fv2%2Fcomments&post=109507"}],"version-history":[{"count":0,"href":"https:\/\/diarioregionaldigital.com.br\/index.php?rest_route=\/wp\/v2\/posts\/109507\/revisions"}],"wp:featuredmedia":[{"embeddable":true,"href":"https:\/\/diarioregionaldigital.com.br\/index.php?rest_route=\/wp\/v2\/media\/95836"}],"wp:attachment":[{"href":"https:\/\/diarioregionaldigital.com.br\/index.php?rest_route=%2Fwp%2Fv2%2Fmedia&parent=109507"}],"wp:term":[{"taxonomy":"category","embeddable":true,"href":"https:\/\/diarioregionaldigital.com.br\/index.php?rest_route=%2Fwp%2Fv2%2Fcategories&post=109507"},{"taxonomy":"post_tag","embeddable":true,"href":"https:\/\/diarioregionaldigital.com.br\/index.php?rest_route=%2Fwp%2Fv2%2Ftags&post=109507"}],"curies":[{"name":"wp","href":"https:\/\/api.w.org\/{rel}","templated":true}]}}