{"id":109505,"date":"2018-06-27T09:00:22","date_gmt":"2018-06-27T12:00:22","guid":{"rendered":"http:\/\/diarioregionaljf.com.br\/?p=109505"},"modified":"2018-06-27T09:05:52","modified_gmt":"2018-06-27T12:05:52","slug":"muriae-tem-cinco-casos-confirmados-de-influenza","status":"publish","type":"post","link":"https:\/\/diarioregionaldigital.com.br\/?p=109505","title":{"rendered":"Muria\u00e9 tem cinco casos confirmados de influenza"},"content":{"rendered":"<p>Muria\u00e9 registrou cinco casos confirmados da gripe influenza. Quatro pacientes, de 1 m\u00eas, 8 meses, 2 anos e de 69 anos de idade, j\u00e1 receberam alta e n\u00e3o correm risco de morte. O quinto paciente veio a \u00f3bito, por\u00e9m a causa est\u00e1 sendo investigada. Para prevenir a doen\u00e7a, a Prefeitura est\u00e1 disponibilizando, de forma gratuita, vacina em todas as Unidades B\u00e1sicas de Sa\u00fade (UBS\u2019s) e no Centro Municipal de Imuniza\u00e7\u00e3o.<\/p>\n<p>Exames est\u00e3o averiguando qual patologia causou a morte de um homem de 69 anos, j\u00e1 que ele apresentava sintomas de outras doen\u00e7as. Morador de Muria\u00e9, ele deu entrada no Hospital S\u00e3o Paulo dia 3 de junho e faleceu dia 5 deste m\u00eas.<\/p>\n<p>Outras quatro pessoas (de 4 meses, 60, 76 e 80 anos de idade), tamb\u00e9m residentes na cidade, s\u00e3o suspeitas de terem contra\u00eddo a doen\u00e7a. Elas est\u00e3o internadas na Unidade de Terapia Intensiva de dois hospitais, onde est\u00e3o recebendo tratamento e sendo monitoradas.<\/p>\n<p>A influenza, normalmente conhecida como gripe, \u00e9 uma doen\u00e7a grave, mas que tem cura. O v\u00edrus \u00e9 transmitido pelas secre\u00e7\u00f5es respirat\u00f3rias, a partir do contato com um doente ou com uma superf\u00edcie contaminada, causando les\u00f5es pulmonares, que podem evoluir com complica\u00e7\u00f5es e serem at\u00e9 fatais, se n\u00e3o tratadas a tempo. Os principais sintomas s\u00e3o: febre alta, calafrios, tosse (que pode ser seca ou com expectora\u00e7\u00e3o), dor de cabe\u00e7a, dor de garganta, cansa\u00e7o, dor muscular e coriza.<\/p>\n<p><strong>Vacina\u00e7\u00e3o est\u00e1 sendo realizada nas unidades de sa\u00fade<\/strong><\/p>\n<p>O m\u00e9todo mais eficaz para prevenir a doen\u00e7a \u00e9 a imuniza\u00e7\u00e3o. Segundo o Minist\u00e9rio da Sa\u00fade, a vacina\u00e7\u00e3o protege contra os v\u00edrus A\/H1N1, A\/H3N2 e influenza B, os tr\u00eas tipos que atualmente circulam no Brasil. As doses est\u00e3o dispon\u00edveis nas UBS\u2019s e no Centro de Imuniza\u00e7\u00e3o e s\u00e3o aplicadas de segunda a sexta-feira, entre 8h e 16h30min. \u201cA vacina \u00e9 capaz de promover imunidade durante o per\u00edodo de inverno, \u00e9poca de maior circula\u00e7\u00e3o dos v\u00edrus influenza, reduzindo o agravamento da doen\u00e7a. Orientamos a popula\u00e7\u00e3o a se vacinar e procurar uma unidade de sa\u00fade se apresentar os sinais e sintomas da gripe\u201d, destaca o secret\u00e1rio Municipal de Sa\u00fade, Paulo C\u00e9sar de Oliveira.<\/p>\n<p><strong>Os sinais e sintomas da influenza, em geral, s\u00e3o:<\/strong><\/p>\n<p>&#8211; Febre alta<\/p>\n<p>&#8211; Calafrios<\/p>\n<p>&#8211; Tosse, que pode ser seca ou com expectora\u00e7\u00e3o<\/p>\n<p>&#8211; Dor de cabe\u00e7a<\/p>\n<p>&#8211; Dor de garganta<\/p>\n<p>&#8211; Cansa\u00e7o<\/p>\n<p>&#8211; Dor muscular<\/p>\n<p>&#8211; Coriza<\/p>\n<p><strong>Vacina\u00e7\u00e3o contra gripe influenza:<\/strong><\/p>\n<p>Local: Unidades B\u00e1sicas de Sa\u00fade de Muria\u00e9 e Centro Municipal de Imuniza\u00e7\u00e3o (localizado ao lado do Terminal Rodovi\u00e1rio, Centro)<\/p>\n<p>Hor\u00e1rio: das 8h \u00e0s 16h30min<\/p>\n<p>P\u00fablico-alvo:<\/p>\n<p>\u2013 Idosos;<\/p>\n<p>\u2013 Crian\u00e7as com mais de 6 meses e menores que 5 anos;<\/p>\n<p>\u2013 Pessoas que apresentam doen\u00e7as cr\u00f4nicas e outras categorias de risco cl\u00ednico;<\/p>\n<p>\u2013 Gr\u00e1vidas;<\/p>\n<p>\u2013 Pu\u00e9rperas (at\u00e9 45 dias p\u00f3s-parto);<\/p>\n<p>\u2013 Popula\u00e7\u00e3o privada de liberdade;<\/p>\n<p>\u2013 Funcion\u00e1rios do sistema prisional;<\/p>\n<p>\u2013 Jovens que cumprem medidas socioeducativas;<\/p>\n<p>\u2013 Professores;<\/p>\n<p>\u2013 Trabalhadores da sa\u00fade.<\/p>\n<p>Documentos necess\u00e1rios: cart\u00e3o de vacina e receita m\u00e9dica para pessoas com doen\u00e7as cr\u00f4nicas<\/p>\n<p><em>*Para receber a dose, \u00e9 necess\u00e1rio apresentar cart\u00e3o de vacina e receita m\u00e9dica (para pessoas com doen\u00e7as cr\u00f4nicas).<\/em><\/p>\n<p><em>*Para quem faz acompanhamento m\u00e9dico na pr\u00f3pria UBS n\u00e3o \u00e9 preciso receita.<\/em><\/p>\n<p>&nbsp;<\/p>\n<p>&nbsp;<\/p>\n<p>Fonte:\u00a0ASCOM Prefeitura de Muria\u00e9<\/p>\n","protected":false},"excerpt":{"rendered":"<p>Muria\u00e9 registrou cinco casos confirmados da gripe influenza. Quatro pacientes, de 1 m\u00eas, 8 meses, 2 anos e de 69 anos de idade, j\u00e1 receberam alta e n\u00e3o correm risco de morte. O quinto paciente veio a \u00f3bito, por\u00e9m a causa est\u00e1 sendo investigada. Para prevenir a doen\u00e7a, a Prefeitura est\u00e1 disponibilizando, de forma gratuita, [&hellip;]<\/p>\n","protected":false},"author":96,"featured_media":109509,"comment_status":"closed","ping_status":"closed","sticky":false,"template":"","format":"standard","meta":{"footnotes":""},"categories":[436,252],"tags":[],"class_list":["post-109505","post","type-post","status-publish","format-standard","has-post-thumbnail","hentry","category-destaque-da-semana","category-regiao"],"_links":{"self":[{"href":"https:\/\/diarioregionaldigital.com.br\/index.php?rest_route=\/wp\/v2\/posts\/109505","targetHints":{"allow":["GET"]}}],"collection":[{"href":"https:\/\/diarioregionaldigital.com.br\/index.php?rest_route=\/wp\/v2\/posts"}],"about":[{"href":"https:\/\/diarioregionaldigital.com.br\/index.php?rest_route=\/wp\/v2\/types\/post"}],"author":[{"embeddable":true,"href":"https:\/\/diarioregionaldigital.com.br\/index.php?rest_route=\/wp\/v2\/users\/96"}],"replies":[{"embeddable":true,"href":"https:\/\/diarioregionaldigital.com.br\/index.php?rest_route=%2Fwp%2Fv2%2Fcomments&post=109505"}],"version-history":[{"count":0,"href":"https:\/\/diarioregionaldigital.com.br\/index.php?rest_route=\/wp\/v2\/posts\/109505\/revisions"}],"wp:featuredmedia":[{"embeddable":true,"href":"https:\/\/diarioregionaldigital.com.br\/index.php?rest_route=\/wp\/v2\/media\/109509"}],"wp:attachment":[{"href":"https:\/\/diarioregionaldigital.com.br\/index.php?rest_route=%2Fwp%2Fv2%2Fmedia&parent=109505"}],"wp:term":[{"taxonomy":"category","embeddable":true,"href":"https:\/\/diarioregionaldigital.com.br\/index.php?rest_route=%2Fwp%2Fv2%2Fcategories&post=109505"},{"taxonomy":"post_tag","embeddable":true,"href":"https:\/\/diarioregionaldigital.com.br\/index.php?rest_route=%2Fwp%2Fv2%2Ftags&post=109505"}],"curies":[{"name":"wp","href":"https:\/\/api.w.org\/{rel}","templated":true}]}}