{"id":109496,"date":"2018-06-27T08:54:09","date_gmt":"2018-06-27T11:54:09","guid":{"rendered":"http:\/\/diarioregionaljf.com.br\/?p=109496"},"modified":"2018-06-27T08:54:49","modified_gmt":"2018-06-27T11:54:49","slug":"rua-espirito-santo-e-interditada-para-reparos-na-galeria-pluvial","status":"publish","type":"post","link":"https:\/\/diarioregionaldigital.com.br\/?p=109496","title":{"rendered":"Rua Esp\u00edrito Santo \u00e9 interditada para reparos na galeria pluvial"},"content":{"rendered":"<p>Nesta quinta-feira, 28, a Secretaria de Obras (SO) da Prefeitura de Juiz de Fora (PJF) ir\u00e1 recompor a galeria de \u00e1guas pluviais da Rua Esp\u00edrito Santo, que est\u00e1 comprometida. Por conta da interven\u00e7\u00e3o, a Secretaria de Transporte e Tr\u00e2nsito (Settra) interditar\u00e1 totalmente o trecho entre as avenidas Rio Branco e Itamar Franco, at\u00e9 as 11h30. Agentes do Departamento de Fiscaliza\u00e7\u00e3o de Transporte e Tr\u00e2nsito far\u00e3o o monitoramento do local. Ap\u00f3s esse hor\u00e1rio, a via ter\u00e1 tr\u00e2nsito em meia pista at\u00e9 o t\u00e9rmino dos trabalhos, previstos para se encerrarem no fim da tarde de sexta-feira.<\/p>\n<p>O trabalho tem car\u00e1ter preventivo, j\u00e1 que parte da parede da galeria rompeu. &#8220;Vamos agir, antes que o pior aconte\u00e7a, que seria o afundamento e abertura de uma cratera na rua\u201d, explicou o gerente do departamento de Opera\u00e7\u00e3o e Manuten\u00e7\u00e3o de Obras da SO, Domingos Gouv\u00eaa.<\/p>\n<p>&nbsp;<\/p>\n<p>Fonte: Assessoria<\/p>\n","protected":false},"excerpt":{"rendered":"<p>Nesta quinta-feira, 28, a Secretaria de Obras (SO) da Prefeitura de Juiz de Fora (PJF) ir\u00e1 recompor a galeria de \u00e1guas pluviais da Rua Esp\u00edrito Santo, que est\u00e1 comprometida. Por conta da interven\u00e7\u00e3o, a Secretaria de Transporte e Tr\u00e2nsito (Settra) interditar\u00e1 totalmente o trecho entre as avenidas Rio Branco e Itamar Franco, at\u00e9 as 11h30. [&hellip;]<\/p>\n","protected":false},"author":96,"featured_media":105098,"comment_status":"closed","ping_status":"closed","sticky":false,"template":"","format":"standard","meta":{"footnotes":""},"categories":[253,439],"tags":[],"class_list":["post-109496","post","type-post","status-publish","format-standard","has-post-thumbnail","hentry","category-cidade","category-ultima-hora"],"_links":{"self":[{"href":"https:\/\/diarioregionaldigital.com.br\/index.php?rest_route=\/wp\/v2\/posts\/109496","targetHints":{"allow":["GET"]}}],"collection":[{"href":"https:\/\/diarioregionaldigital.com.br\/index.php?rest_route=\/wp\/v2\/posts"}],"about":[{"href":"https:\/\/diarioregionaldigital.com.br\/index.php?rest_route=\/wp\/v2\/types\/post"}],"author":[{"embeddable":true,"href":"https:\/\/diarioregionaldigital.com.br\/index.php?rest_route=\/wp\/v2\/users\/96"}],"replies":[{"embeddable":true,"href":"https:\/\/diarioregionaldigital.com.br\/index.php?rest_route=%2Fwp%2Fv2%2Fcomments&post=109496"}],"version-history":[{"count":0,"href":"https:\/\/diarioregionaldigital.com.br\/index.php?rest_route=\/wp\/v2\/posts\/109496\/revisions"}],"wp:featuredmedia":[{"embeddable":true,"href":"https:\/\/diarioregionaldigital.com.br\/index.php?rest_route=\/wp\/v2\/media\/105098"}],"wp:attachment":[{"href":"https:\/\/diarioregionaldigital.com.br\/index.php?rest_route=%2Fwp%2Fv2%2Fmedia&parent=109496"}],"wp:term":[{"taxonomy":"category","embeddable":true,"href":"https:\/\/diarioregionaldigital.com.br\/index.php?rest_route=%2Fwp%2Fv2%2Fcategories&post=109496"},{"taxonomy":"post_tag","embeddable":true,"href":"https:\/\/diarioregionaldigital.com.br\/index.php?rest_route=%2Fwp%2Fv2%2Ftags&post=109496"}],"curies":[{"name":"wp","href":"https:\/\/api.w.org\/{rel}","templated":true}]}}