{"id":109494,"date":"2018-06-27T08:16:25","date_gmt":"2018-06-27T11:16:25","guid":{"rendered":"http:\/\/diarioregionaljf.com.br\/?p=109494"},"modified":"2018-06-27T08:17:23","modified_gmt":"2018-06-27T11:17:23","slug":"taxista-e-assaltado-por-homem-armado-no-santa-cruz","status":"publish","type":"post","link":"https:\/\/diarioregionaldigital.com.br\/?p=109494","title":{"rendered":"Taxista \u00e9 assaltado por homem armado no Santa Cruz"},"content":{"rendered":"<p>Um taxista de 34 anos teve R$80 e um telefone celular roubados por um homem armado na Rua Nilo Pe\u00e7anha, bairro Santa Cruz, Zona Norte da cidade, na madrugada desta quarta-feira, 27.<\/p>\n<p>De acordo com o registro da ocorr\u00eancia na Pol\u00edcia Militar (PM), a v\u00edtima relatou que efetuou uma corrida para um rapaz e, ao chegar no endere\u00e7o solicitado, o passageiro desceu para pegar o dinheiro e pagar pelo servi\u00e7o. Neste momento, o motorista foi abordado pelo autor que, de posse de um rev\u00f3lver, anunciou o assalto.<\/p>\n<p>Ap\u00f3s o crime, o assaltante fugiu em rumo ignorado.<\/p>\n","protected":false},"excerpt":{"rendered":"<p>Um taxista de 34 anos teve R$80 e um telefone celular roubados por um homem armado na Rua Nilo Pe\u00e7anha, bairro Santa Cruz, Zona Norte da cidade, na madrugada desta quarta-feira, 27. De acordo com o registro da ocorr\u00eancia na Pol\u00edcia Militar (PM), a v\u00edtima relatou que efetuou uma corrida para um rapaz e, ao [&hellip;]<\/p>\n","protected":false},"author":96,"featured_media":95836,"comment_status":"closed","ping_status":"closed","sticky":false,"template":"","format":"standard","meta":{"footnotes":""},"categories":[301,439],"tags":[],"class_list":["post-109494","post","type-post","status-publish","format-standard","has-post-thumbnail","hentry","category-artigos-policiais","category-ultima-hora"],"_links":{"self":[{"href":"https:\/\/diarioregionaldigital.com.br\/index.php?rest_route=\/wp\/v2\/posts\/109494","targetHints":{"allow":["GET"]}}],"collection":[{"href":"https:\/\/diarioregionaldigital.com.br\/index.php?rest_route=\/wp\/v2\/posts"}],"about":[{"href":"https:\/\/diarioregionaldigital.com.br\/index.php?rest_route=\/wp\/v2\/types\/post"}],"author":[{"embeddable":true,"href":"https:\/\/diarioregionaldigital.com.br\/index.php?rest_route=\/wp\/v2\/users\/96"}],"replies":[{"embeddable":true,"href":"https:\/\/diarioregionaldigital.com.br\/index.php?rest_route=%2Fwp%2Fv2%2Fcomments&post=109494"}],"version-history":[{"count":0,"href":"https:\/\/diarioregionaldigital.com.br\/index.php?rest_route=\/wp\/v2\/posts\/109494\/revisions"}],"wp:featuredmedia":[{"embeddable":true,"href":"https:\/\/diarioregionaldigital.com.br\/index.php?rest_route=\/wp\/v2\/media\/95836"}],"wp:attachment":[{"href":"https:\/\/diarioregionaldigital.com.br\/index.php?rest_route=%2Fwp%2Fv2%2Fmedia&parent=109494"}],"wp:term":[{"taxonomy":"category","embeddable":true,"href":"https:\/\/diarioregionaldigital.com.br\/index.php?rest_route=%2Fwp%2Fv2%2Fcategories&post=109494"},{"taxonomy":"post_tag","embeddable":true,"href":"https:\/\/diarioregionaldigital.com.br\/index.php?rest_route=%2Fwp%2Fv2%2Ftags&post=109494"}],"curies":[{"name":"wp","href":"https:\/\/api.w.org\/{rel}","templated":true}]}}