{"id":109469,"date":"2018-06-28T06:00:35","date_gmt":"2018-06-28T09:00:35","guid":{"rendered":"http:\/\/diarioregionaljf.com.br\/?p=109469"},"modified":"2018-06-26T20:48:28","modified_gmt":"2018-06-26T23:48:28","slug":"a-procura-de-um-muro","status":"publish","type":"post","link":"https:\/\/diarioregionaldigital.com.br\/?p=109469","title":{"rendered":"\u00c0 PROCURA DE UM MURO?"},"content":{"rendered":"<p>A observa\u00e7\u00e3o pode parecer exagerada, mas pesquisas feitas logo ap\u00f3s a vit\u00f3ria de Donald Trump atestam: o mega-empres\u00e1rio de topete agressivo e peito empinado ganhou o pleito por causa do muro. Sim, o gigantesco muro que ele prometeu construir separando o M\u00e9xico dos Estados Unidos, tendo como objetivo fechar fronteiras escancaradas que mexicanos e outros grupos latinos ainda usam para tentar a vida sob a bandeira norte-americana. Pesquisas apontavam a quest\u00e3o migrat\u00f3ria como a mais sens\u00edvel para o eleitorado conservador republicano, forte o suficiente para garantir vit\u00f3ria ao seu candidato.<\/p>\n<p>Trump sabia que o muro abriria pol\u00eamica, seria considerado ideia extravagante e dispendiosa, e que, a depender da rea\u00e7\u00e3o interna, poderia, at\u00e9, deix\u00e1-lo em banho-maria. Exatamente como parece acontecer hoje, o muro est\u00e1 encostado nas laterais do debate. Sabia tamb\u00e9m ele que a promessa de constru\u00e7\u00e3o do muro seria suficiente para animar a corrente nacionalista, que brandia o refr\u00e3o: \u201ca Am\u00e9rica para os americanos em primeiro lugar\u201d.<\/p>\n<p>Pois bem, a estrat\u00e9gia deu certo. O chamado Cintur\u00e3o da Ferrugem- compreendendo partes de Michigan, Pensilv\u00e2nia, Ohio e Virg\u00ednia Ocidental, regi\u00f5es que concentravam usinas sider\u00fargicas e outros setores at\u00e9 a d\u00e9cada de 80 \u2013 voltou a se animar. O muro trouxe esperan\u00e7a para \u00e1reas que haviam perdido empregos com a globaliza\u00e7\u00e3o. A esperan\u00e7a disparou a autoestima. Trump fechou compromisso e, pimba, levou a melhor.<\/p>\n<p>Comparemos a situa\u00e7\u00e3o com nossas plagas e circunst\u00e2ncias. Que discurso os nossos presidenci\u00e1veis t\u00eam recitado para envolvimento do eleitor? O discurso mais onipresente parece ser o de \u201cp\u00f4r ordem na bagun\u00e7a\u201d. Mesmo assim, trata-se de um conjunto de refer\u00eancias mosaicadas, uma aqui, outra acol\u00e1. O eleitor, saturado de mesmice, tem a aten\u00e7\u00e3o focada no perfil que denota defesa da ordem, combate \u00e0 bandidagem e at\u00e9 mesmo restri\u00e7\u00e3o ao pr\u00f3prio corpo parlamentar que integra: o capit\u00e3o Jair Bolsonaro. Ele capitaliza as aten\u00e7\u00f5es n\u00e3o por seus m\u00e9ritos, mas por defeitos de seus advers\u00e1rios.<\/p>\n<p>Sua express\u00e3o de cunho militar-repressiva \u00e9 avocada como bitola para regular as engrenagens da pol\u00edtica e da administra\u00e7\u00e3o. Sua vis\u00e3o de militar abriga o acervo das empresas p\u00fablicas sob o imp\u00e9rio do Estado, n\u00e3o devendo, portanto, ser privatizadas, e esse discurso, tamb\u00e9m do gosto das esquerdas, baixa na cuca das massas como defesa das riquezas nacionais, preserva\u00e7\u00e3o dos bens p\u00fablicos. As massas entendem privatiza\u00e7\u00e3o como retirada do patrim\u00f4nio do Estado para entregar aos \u201clar\u00e1pios dos neg\u00f3cios privados\u201d. Tentar esclarecer sobre a viabilidade de um Estado eficiente, n\u00e3o paquid\u00e9rmico, \u00e9 chover no molhado. N\u00e3o entra como coisa positiva no sistema cognitivo do povo.<\/p>\n<p>Outra falha gritante na express\u00e3o dos atores pol\u00edticos \u00e9 a aus\u00eancia de um \u201cProjeto para o Brasil\u201d, uma pe\u00e7a estruturada, com come\u00e7o, meio e fim, contemplando todas as \u00e1reas e setores, da infraestrutura t\u00e9cnica ao territ\u00f3rio social e ao panorama tribut\u00e1rio. N\u00e3o se ouviu, at\u00e9 o momento, algo que contenha uma abordagem completa envolvendo as tem\u00e1ticas nacionais. Eventuais respostas de pr\u00e9-candidatos se limitam aos assuntos de momento, circunscritos ao tema levantado, geralmente seguran\u00e7a p\u00fablica, educa\u00e7\u00e3o ou sa\u00fade.<\/p>\n<p>E nenhum protagonista, at\u00e9 esse instante, chegou a esbo\u00e7ar um desenho de seu muro, o v\u00e9rtice, a coluna vertebral de sua identidade. As tentativas s\u00e3o t\u00edmidas, gen\u00e9ricas, algumas parecendo platitudes. Perdem-se no oceano de mesmices. Ou no o\u00e1sis de repeti\u00e7\u00f5es.<\/p>\n","protected":false},"excerpt":{"rendered":"<p>A observa\u00e7\u00e3o pode parecer exagerada, mas pesquisas feitas logo ap\u00f3s a vit\u00f3ria de Donald Trump atestam: o mega-empres\u00e1rio de topete agressivo e peito empinado ganhou o pleito por causa do muro. Sim, o gigantesco muro que ele prometeu construir separando o M\u00e9xico dos Estados Unidos, tendo como objetivo fechar fronteiras escancaradas que mexicanos e outros [&hellip;]<\/p>\n","protected":false},"author":96,"featured_media":104142,"comment_status":"closed","ping_status":"closed","sticky":false,"template":"","format":"standard","meta":{"footnotes":""},"categories":[291],"tags":[],"class_list":["post-109469","post","type-post","status-publish","format-standard","has-post-thumbnail","hentry","category-versoes-artigos-de-opiniao"],"_links":{"self":[{"href":"https:\/\/diarioregionaldigital.com.br\/index.php?rest_route=\/wp\/v2\/posts\/109469","targetHints":{"allow":["GET"]}}],"collection":[{"href":"https:\/\/diarioregionaldigital.com.br\/index.php?rest_route=\/wp\/v2\/posts"}],"about":[{"href":"https:\/\/diarioregionaldigital.com.br\/index.php?rest_route=\/wp\/v2\/types\/post"}],"author":[{"embeddable":true,"href":"https:\/\/diarioregionaldigital.com.br\/index.php?rest_route=\/wp\/v2\/users\/96"}],"replies":[{"embeddable":true,"href":"https:\/\/diarioregionaldigital.com.br\/index.php?rest_route=%2Fwp%2Fv2%2Fcomments&post=109469"}],"version-history":[{"count":0,"href":"https:\/\/diarioregionaldigital.com.br\/index.php?rest_route=\/wp\/v2\/posts\/109469\/revisions"}],"wp:featuredmedia":[{"embeddable":true,"href":"https:\/\/diarioregionaldigital.com.br\/index.php?rest_route=\/wp\/v2\/media\/104142"}],"wp:attachment":[{"href":"https:\/\/diarioregionaldigital.com.br\/index.php?rest_route=%2Fwp%2Fv2%2Fmedia&parent=109469"}],"wp:term":[{"taxonomy":"category","embeddable":true,"href":"https:\/\/diarioregionaldigital.com.br\/index.php?rest_route=%2Fwp%2Fv2%2Fcategories&post=109469"},{"taxonomy":"post_tag","embeddable":true,"href":"https:\/\/diarioregionaldigital.com.br\/index.php?rest_route=%2Fwp%2Fv2%2Ftags&post=109469"}],"curies":[{"name":"wp","href":"https:\/\/api.w.org\/{rel}","templated":true}]}}