{"id":109317,"date":"2018-06-26T11:57:57","date_gmt":"2018-06-26T14:57:57","guid":{"rendered":"http:\/\/diarioregionaljf.com.br\/?p=109317"},"modified":"2018-06-26T11:57:57","modified_gmt":"2018-06-26T14:57:57","slug":"brasil-estreia-na-fase-final-da-liga-das-nacoes-contra-a-franca","status":"publish","type":"post","link":"https:\/\/diarioregionaldigital.com.br\/?p=109317","title":{"rendered":"Brasil estreia na fase final da Liga das Na\u00e7\u00f5es contra a Fran\u00e7a"},"content":{"rendered":"<p>A sele\u00e7\u00e3o brasileira masculina de v\u00f4lei j\u00e1 tem seus advers\u00e1rios definidos na Fase Final da Liga das Na\u00e7\u00f5es, que acontece na cidade de Lille, na Fran\u00e7a. Ap\u00f3s o encerramento da fase classificat\u00f3ria, a equipe comandada pelo t\u00e9cnico Renan estreia no dia 4 de julho (quarta-feira), contra a sele\u00e7\u00e3o da casa, \u00e0s 15h45 (de Bras\u00edlia).<\/p>\n<p>O segundo duelo no grupo A ser\u00e1 no dia 5 de julho, contra a S\u00e9rvia, tamb\u00e9m \u00e0s 15h45. No dia 6 de julho, Fran\u00e7a e S\u00e9rvia se enfrentam, enquanto a sele\u00e7\u00e3o brasileira folga. A Fase Final \u00e9 composta pela Fran\u00e7a, pa\u00eds sede e pr\u00e9-classificado, al\u00e9m dos outros cinco primeiros times na primeira fase. R\u00fassia, Pol\u00f4nia e EUA comp\u00f5e o grupo B.<\/p>\n<p><strong>Sai Lipe entra Lucas L\u00f3h<\/strong><\/p>\n<p>Em sua estreia na Liga das Na\u00e7\u00f5es masculina de v\u00f4lei Lucas L\u00f3h deu conta do recado. Depois de ser chamado por conta da les\u00e3o de Lipe, Lucas L\u00f3h comemora ter conseguido dar conta do recado contra\u00a0Austr\u00e1lia e Pol\u00f4nia na Liga das Na\u00e7\u00f5es<\/p>\n<p>Em sua estreia na Liga das Na\u00e7\u00f5es masculina de v\u00f4lei Lucas L\u00f3h deu conta do recado. A qualidade do passe do Brasil, fundamento que vinha sendo a principal defici\u00eancia do time, melhorou diante da Austr\u00e1lia e da Pol\u00f4nia, advers\u00e1rios na \u00faltima semana da fase classificat\u00f3ria da competi\u00e7\u00e3o, em Melbourne. O resultado foi mais do que positivo. Afinal, o jogador contribuiu para a classifica\u00e7\u00e3o da sele\u00e7\u00e3o brasileira \u00e0s finais.<\/p>\n<p>Os dois melhores de cada grupo avan\u00e7am para a disputa das semifinais, que ocorrem no dia 7, \u00e0s 9h e 11h. Os perdedores destes confrontos buscam a medalha de bronze no dia 8 de julho, \u00e0s 12h, enquanto a decis\u00e3o do t\u00edtulo acontece no mesmo dia, \u00e0s 15h45.<\/p>\n<p>A sele\u00e7\u00e3o brasileira masculina de v\u00f4lei encerrou a participa\u00e7\u00e3o na fase classificat\u00f3ria da Liga das Na\u00e7\u00f5es em quinto lugar, com 30 pontos somados ap\u00f3s 10 vit\u00f3rias e cinco resultados negativos.<\/p>\n<p><strong>Fase Final:<\/strong><\/p>\n<p><strong>Lille (Fran\u00e7a)<\/strong><\/p>\n<p>04.07 \u2013 Brasil x Fran\u00e7a<\/p>\n<p>05.07 \u2013 Brasil x S\u00e9rvia<\/p>\n<p><strong>Fonte: Olimp\u00edadas todo dia <\/strong><\/p>\n","protected":false},"excerpt":{"rendered":"<p>A sele\u00e7\u00e3o brasileira masculina de v\u00f4lei j\u00e1 tem seus advers\u00e1rios definidos na Fase Final da Liga das Na\u00e7\u00f5es, que acontece na cidade de Lille, na Fran\u00e7a. Ap\u00f3s o encerramento da fase classificat\u00f3ria, a equipe comandada pelo t\u00e9cnico Renan estreia no dia 4 de julho (quarta-feira), contra a sele\u00e7\u00e3o da casa, \u00e0s 15h45 (de Bras\u00edlia). O [&hellip;]<\/p>\n","protected":false},"author":96,"featured_media":109318,"comment_status":"closed","ping_status":"closed","sticky":false,"template":"","format":"standard","meta":{"footnotes":""},"categories":[257,439],"tags":[],"class_list":["post-109317","post","type-post","status-publish","format-standard","has-post-thumbnail","hentry","category-esporte","category-ultima-hora"],"_links":{"self":[{"href":"https:\/\/diarioregionaldigital.com.br\/index.php?rest_route=\/wp\/v2\/posts\/109317","targetHints":{"allow":["GET"]}}],"collection":[{"href":"https:\/\/diarioregionaldigital.com.br\/index.php?rest_route=\/wp\/v2\/posts"}],"about":[{"href":"https:\/\/diarioregionaldigital.com.br\/index.php?rest_route=\/wp\/v2\/types\/post"}],"author":[{"embeddable":true,"href":"https:\/\/diarioregionaldigital.com.br\/index.php?rest_route=\/wp\/v2\/users\/96"}],"replies":[{"embeddable":true,"href":"https:\/\/diarioregionaldigital.com.br\/index.php?rest_route=%2Fwp%2Fv2%2Fcomments&post=109317"}],"version-history":[{"count":0,"href":"https:\/\/diarioregionaldigital.com.br\/index.php?rest_route=\/wp\/v2\/posts\/109317\/revisions"}],"wp:featuredmedia":[{"embeddable":true,"href":"https:\/\/diarioregionaldigital.com.br\/index.php?rest_route=\/wp\/v2\/media\/109318"}],"wp:attachment":[{"href":"https:\/\/diarioregionaldigital.com.br\/index.php?rest_route=%2Fwp%2Fv2%2Fmedia&parent=109317"}],"wp:term":[{"taxonomy":"category","embeddable":true,"href":"https:\/\/diarioregionaldigital.com.br\/index.php?rest_route=%2Fwp%2Fv2%2Fcategories&post=109317"},{"taxonomy":"post_tag","embeddable":true,"href":"https:\/\/diarioregionaldigital.com.br\/index.php?rest_route=%2Fwp%2Fv2%2Ftags&post=109317"}],"curies":[{"name":"wp","href":"https:\/\/api.w.org\/{rel}","templated":true}]}}