{"id":109316,"date":"2018-06-26T11:59:35","date_gmt":"2018-06-26T14:59:35","guid":{"rendered":"http:\/\/diarioregionaljf.com.br\/?p=109316"},"modified":"2018-06-26T11:59:35","modified_gmt":"2018-06-26T14:59:35","slug":"pjf-entrega-certificado-de-agradecimento-e-lanca-programa-de-preparacao-para-aposentadoria","status":"publish","type":"post","link":"https:\/\/diarioregionaldigital.com.br\/?p=109316","title":{"rendered":"PJF entrega certificado de agradecimento e lan\u00e7a programa de prepara\u00e7\u00e3o para aposentadoria"},"content":{"rendered":"<p>\u201cNos sentimos agraciados por ter nosso trabalho reconhecido, depois de tantos anos em que pudemos doar nossa dedica\u00e7\u00e3o, carinho e respeito \u00e0 educa\u00e7\u00e3o. Sentimos vontade at\u00e9 de permanecer, mas \u00e9 nova etapa de vida. Sendo agraciados com este certificado, percebemos que h\u00e1 reconhecimento do Munic\u00edpio\u201d. Este foi o sentimento da agora aposentada Alicy Pereira do Carmo, antes lotada na Secretaria de Educa\u00e7\u00e3o (SE) da Prefeitura de Juiz de Fora (PJF). Outra ex-servidora, da Secretaria de Administra\u00e7\u00e3o e Recursos Humanos (SARH), Regina C\u00e9lia Queiroga, ainda com l\u00e1grimas nos olhos, confessou: \u201cFiquei muito emocionada. Achei muito importante que f\u00f4ssemos convidadas. Foi fator primordial\u201d. Elas estavam entre os cerca de 30 servidores homenageados nesta segunda-feira, 25, com certificados de reconhecimento e agradecimento pelo empenho e dedica\u00e7\u00e3o \u00e0s atividades exercidas na administra\u00e7\u00e3o. O grupo recebeu a recorda\u00e7\u00e3o das m\u00e3os do prefeito Ant\u00f4nio Almas e de secret\u00e1rios municipais.<\/p>\n<p><b>Prepara\u00e7\u00e3o para aposentadoria<\/b><\/p>\n<p>Ainda no evento foi lan\u00e7ado o \u201cPrograma de Prepara\u00e7\u00e3o para Aposentadoria da Prefeitura de Juiz de Fora\u201d (Ppap). O objetivo \u00e9 proporcionar aos servidores rec\u00e9m-aposentados, ou em processo, uma programa\u00e7\u00e3o voltada aos aspectos emocional e social, abordando cidadania, desenvolvimento e plano de futuro, com intuito de estabelecer perspectivas na nova fase de vida, viabilizando inclusive o desenvolvimento de projetos empreendedores no decorrer do programa, como explicou a secret\u00e1ria de Administra\u00e7\u00e3o e Recursos Humanos, Andr\u00e9ia Goreske. O Ppap est\u00e1 sustentado em tr\u00eas eixos estruturantes: reconhecer, reorganizar e recome\u00e7ar. A expectativa \u00e9 de que as inscri\u00e7\u00f5es sejam realizadas na primeira semana de julho.<\/p>\n<p>Fonte: Assessoria \/ PJF<\/p>\n","protected":false},"excerpt":{"rendered":"<p>\u201cNos sentimos agraciados por ter nosso trabalho reconhecido, depois de tantos anos em que pudemos doar nossa dedica\u00e7\u00e3o, carinho e respeito \u00e0 educa\u00e7\u00e3o. Sentimos vontade at\u00e9 de permanecer, mas \u00e9 nova etapa de vida. Sendo agraciados com este certificado, percebemos que h\u00e1 reconhecimento do Munic\u00edpio\u201d. Este foi o sentimento da agora aposentada Alicy Pereira do [&hellip;]<\/p>\n","protected":false},"author":96,"featured_media":109320,"comment_status":"closed","ping_status":"closed","sticky":false,"template":"","format":"standard","meta":{"footnotes":""},"categories":[253,439],"tags":[],"class_list":["post-109316","post","type-post","status-publish","format-standard","has-post-thumbnail","hentry","category-cidade","category-ultima-hora"],"_links":{"self":[{"href":"https:\/\/diarioregionaldigital.com.br\/index.php?rest_route=\/wp\/v2\/posts\/109316","targetHints":{"allow":["GET"]}}],"collection":[{"href":"https:\/\/diarioregionaldigital.com.br\/index.php?rest_route=\/wp\/v2\/posts"}],"about":[{"href":"https:\/\/diarioregionaldigital.com.br\/index.php?rest_route=\/wp\/v2\/types\/post"}],"author":[{"embeddable":true,"href":"https:\/\/diarioregionaldigital.com.br\/index.php?rest_route=\/wp\/v2\/users\/96"}],"replies":[{"embeddable":true,"href":"https:\/\/diarioregionaldigital.com.br\/index.php?rest_route=%2Fwp%2Fv2%2Fcomments&post=109316"}],"version-history":[{"count":0,"href":"https:\/\/diarioregionaldigital.com.br\/index.php?rest_route=\/wp\/v2\/posts\/109316\/revisions"}],"wp:featuredmedia":[{"embeddable":true,"href":"https:\/\/diarioregionaldigital.com.br\/index.php?rest_route=\/wp\/v2\/media\/109320"}],"wp:attachment":[{"href":"https:\/\/diarioregionaldigital.com.br\/index.php?rest_route=%2Fwp%2Fv2%2Fmedia&parent=109316"}],"wp:term":[{"taxonomy":"category","embeddable":true,"href":"https:\/\/diarioregionaldigital.com.br\/index.php?rest_route=%2Fwp%2Fv2%2Fcategories&post=109316"},{"taxonomy":"post_tag","embeddable":true,"href":"https:\/\/diarioregionaldigital.com.br\/index.php?rest_route=%2Fwp%2Fv2%2Ftags&post=109316"}],"curies":[{"name":"wp","href":"https:\/\/api.w.org\/{rel}","templated":true}]}}