{"id":109313,"date":"2018-06-26T11:53:04","date_gmt":"2018-06-26T14:53:04","guid":{"rendered":"http:\/\/diarioregionaljf.com.br\/?p=109313"},"modified":"2018-06-26T11:53:04","modified_gmt":"2018-06-26T14:53:04","slug":"juiz-forano-campeao-brasileiro-participa-do-circuito-brasileiro-overground-bmx-flatland-2018","status":"publish","type":"post","link":"https:\/\/diarioregionaldigital.com.br\/?p=109313","title":{"rendered":"Juiz-forano, Campe\u00e3o Brasileiro, participa do Circuito Brasileiro Overground  BMX  Flatland 2018"},"content":{"rendered":"<p>O atleta Walde\u00ed Fernando Moreira, de 32 anos, atleta de BMX Flatland h\u00e1 7 anos, j\u00e1 tem em sua carreira um campeonato brasileiro em 2014 na categoria iniciante\u00a0 e vai disputar em 2018 mais um titulo nacional.<\/p>\n<p>Sexta edi\u00e7\u00e3o da competi\u00e7\u00e3o o campeonato Brasileiro ser\u00e1 realizado em tr\u00eas etapas. A primeira ser\u00e1 realizada no dia 6 de julho em Rio das Ostras-RJ, a segunda etapa em Manaus-AM\u00a0 nos dias 4 e 5 de agosto, que \u00e9 v\u00e1lida pelo campeonato sul-americano, e a terceira e \u00faltima etapa\u00a0 em Itapevi \u2013 SP nos dias 15 e 16 de setembro.<\/p>\n<p>O atleta Juiz-forano \u00e9 motorista de coletivo e nas horas vagas treina em torno de 3 a 4 horas.<\/p>\n<p>\u201cForam tr\u00eas etapas, ganhei todas em primeiro, foram realizadas em S\u00e3o Jos\u00e9 do Rio Preto, Canoas e Itapevi-SP e a \u00faltima etapa foi tamb\u00e9m uma etapa do Campeonato Mundial e fiquei em primeiro. Em 2015 fui vice-campe\u00e3o brasileiro na categoria amador e 2016 tive uma les\u00e3o na coxa que me prejudicou na final mais fui vice campe\u00e3o brasileiro e a \u00faltima etapa tamb\u00e9m foi uma etapa do mundial, fiquei em sexto lugar mesmo com o m\u00fasculo da coxa rompido. Em 2017 eu n\u00e3o competi pois estava me recuperando da les\u00e3o, agora em 2018 retomei os treinos e estarei indo em julho para competir a primeira etapa do Campeonato Brasileiro\u201d, contou.<\/p>\n<p><strong>BMX Flatland<\/strong><\/p>\n<p>A categoria \u00e9 praticada em \u00e1reas planas e sem obst\u00e1culos. As manobras s\u00e3o um desafio de equil\u00edbrio, criatividade e agilidade que podem ser est\u00e1ticas (usando trav\u00f5es) ou com muito movimento (sem os trav\u00f5es). Os atletas buscam executar combina\u00e7\u00f5es e varia\u00e7\u00f5es seguidamente sem interrup\u00e7\u00e3o do movimento entre uma manobra e outra.<\/p>\n","protected":false},"excerpt":{"rendered":"<p>O atleta Walde\u00ed Fernando Moreira, de 32 anos, atleta de BMX Flatland h\u00e1 7 anos, j\u00e1 tem em sua carreira um campeonato brasileiro em 2014 na categoria iniciante\u00a0 e vai disputar em 2018 mais um titulo nacional. Sexta edi\u00e7\u00e3o da competi\u00e7\u00e3o o campeonato Brasileiro ser\u00e1 realizado em tr\u00eas etapas. A primeira ser\u00e1 realizada no dia [&hellip;]<\/p>\n","protected":false},"author":96,"featured_media":109314,"comment_status":"closed","ping_status":"closed","sticky":false,"template":"","format":"standard","meta":{"footnotes":""},"categories":[257,439],"tags":[],"class_list":["post-109313","post","type-post","status-publish","format-standard","has-post-thumbnail","hentry","category-esporte","category-ultima-hora"],"_links":{"self":[{"href":"https:\/\/diarioregionaldigital.com.br\/index.php?rest_route=\/wp\/v2\/posts\/109313","targetHints":{"allow":["GET"]}}],"collection":[{"href":"https:\/\/diarioregionaldigital.com.br\/index.php?rest_route=\/wp\/v2\/posts"}],"about":[{"href":"https:\/\/diarioregionaldigital.com.br\/index.php?rest_route=\/wp\/v2\/types\/post"}],"author":[{"embeddable":true,"href":"https:\/\/diarioregionaldigital.com.br\/index.php?rest_route=\/wp\/v2\/users\/96"}],"replies":[{"embeddable":true,"href":"https:\/\/diarioregionaldigital.com.br\/index.php?rest_route=%2Fwp%2Fv2%2Fcomments&post=109313"}],"version-history":[{"count":0,"href":"https:\/\/diarioregionaldigital.com.br\/index.php?rest_route=\/wp\/v2\/posts\/109313\/revisions"}],"wp:featuredmedia":[{"embeddable":true,"href":"https:\/\/diarioregionaldigital.com.br\/index.php?rest_route=\/wp\/v2\/media\/109314"}],"wp:attachment":[{"href":"https:\/\/diarioregionaldigital.com.br\/index.php?rest_route=%2Fwp%2Fv2%2Fmedia&parent=109313"}],"wp:term":[{"taxonomy":"category","embeddable":true,"href":"https:\/\/diarioregionaldigital.com.br\/index.php?rest_route=%2Fwp%2Fv2%2Fcategories&post=109313"},{"taxonomy":"post_tag","embeddable":true,"href":"https:\/\/diarioregionaldigital.com.br\/index.php?rest_route=%2Fwp%2Fv2%2Ftags&post=109313"}],"curies":[{"name":"wp","href":"https:\/\/api.w.org\/{rel}","templated":true}]}}