{"id":109250,"date":"2018-06-26T00:37:32","date_gmt":"2018-06-26T03:37:32","guid":{"rendered":"http:\/\/diarioregionaljf.com.br\/?p=109250"},"modified":"2018-06-26T00:37:32","modified_gmt":"2018-06-26T03:37:32","slug":"tupi-perde-para-o-bragantino-mas-se-mantem-vivo-na-briga-para-avancar","status":"publish","type":"post","link":"https:\/\/diarioregionaldigital.com.br\/?p=109250","title":{"rendered":"Tupi perde para o Bragantino, mas se mant\u00e9m vivo na briga para avan\u00e7ar"},"content":{"rendered":"<p>Pela 11\u00aa Rodada do Campeonato Brasileiro da S\u00e9rie C Tupi e Bragantino se encararam\u00a0para mais uma disputa, o Carij\u00f3 entrou em campo em busca da vit\u00f3ria para entrar no G-\u00a04 da competi\u00e7\u00e3o, e o Bragantino foi atr\u00e1s do triunfo para se manter na zona de classifica\u00e7\u00e3o e conseguiu.<\/p>\n<p>Bragantino conseguiu um bom resultado, mesmo jogando fora de casa para ficar\u00a0pr\u00f3ximo da classifica\u00e7\u00e3o para a pr\u00f3xima fase.<\/p>\n<p>Na tarde desse s\u00e1bado, 23, em um confronto direto, a equipe paulista venceu pelo\u00a0placar de 3 a 0. Os gols da partida foram marcados por Vitinho, Marquinhos e Gustavo.<br \/>\nCom os tr\u00eas pontos ganhos, o Bragantino chega aos 18 e segue na quarta coloca\u00e7\u00e3o do\u00a0Grupo B, dentro da zona de classifica\u00e7\u00e3o para a pr\u00f3xima fase. A frente dele est\u00e1 o l\u00edder\u00a0Botafogo, o Oper\u00e1rio-PR que est\u00e1 em segundo e o Cuiab\u00e1, em terceiro. J\u00e1 o Tupi,<br \/>\napesar da derrota, tenta se manter vivo na briga para avan\u00e7ar. Com 14 pontos, o time juiz-forano est\u00e1 na quinta posi\u00e7\u00e3o da chave.<\/p>\n<p>Tupi entrou em campo com: Vilar; Afonso, Sidimar, Mateus e Magalh\u00e3es; L\u00e9o Costa,\u00a0L\u00e9o Salino e Diego Lu\u00eds; Jo\u00e3o Vitor, Patrick e Paulinho. T\u00e9cnico: Eug\u00eanio Souza<br \/>\nCarij\u00f3 volta a jogar no domingo, 1, contra o Oper\u00e1rio- PR, em Ponta Grossa, no Est\u00e1dio\u00a0Germano Kruger, \u00e0s 15h30.<\/p>\n<p>&nbsp;<\/p>\n<p>&nbsp;<\/p>\n","protected":false},"excerpt":{"rendered":"<p>Pela 11\u00aa Rodada do Campeonato Brasileiro da S\u00e9rie C Tupi e Bragantino se encararam\u00a0para mais uma disputa, o Carij\u00f3 entrou em campo em busca da vit\u00f3ria para entrar no G-\u00a04 da competi\u00e7\u00e3o, e o Bragantino foi atr\u00e1s do triunfo para se manter na zona de classifica\u00e7\u00e3o e conseguiu. Bragantino conseguiu um bom resultado, mesmo jogando [&hellip;]<\/p>\n","protected":false},"author":96,"featured_media":109251,"comment_status":"closed","ping_status":"closed","sticky":false,"template":"","format":"standard","meta":{"footnotes":""},"categories":[257,439],"tags":[],"class_list":["post-109250","post","type-post","status-publish","format-standard","has-post-thumbnail","hentry","category-esporte","category-ultima-hora"],"_links":{"self":[{"href":"https:\/\/diarioregionaldigital.com.br\/index.php?rest_route=\/wp\/v2\/posts\/109250","targetHints":{"allow":["GET"]}}],"collection":[{"href":"https:\/\/diarioregionaldigital.com.br\/index.php?rest_route=\/wp\/v2\/posts"}],"about":[{"href":"https:\/\/diarioregionaldigital.com.br\/index.php?rest_route=\/wp\/v2\/types\/post"}],"author":[{"embeddable":true,"href":"https:\/\/diarioregionaldigital.com.br\/index.php?rest_route=\/wp\/v2\/users\/96"}],"replies":[{"embeddable":true,"href":"https:\/\/diarioregionaldigital.com.br\/index.php?rest_route=%2Fwp%2Fv2%2Fcomments&post=109250"}],"version-history":[{"count":0,"href":"https:\/\/diarioregionaldigital.com.br\/index.php?rest_route=\/wp\/v2\/posts\/109250\/revisions"}],"wp:featuredmedia":[{"embeddable":true,"href":"https:\/\/diarioregionaldigital.com.br\/index.php?rest_route=\/wp\/v2\/media\/109251"}],"wp:attachment":[{"href":"https:\/\/diarioregionaldigital.com.br\/index.php?rest_route=%2Fwp%2Fv2%2Fmedia&parent=109250"}],"wp:term":[{"taxonomy":"category","embeddable":true,"href":"https:\/\/diarioregionaldigital.com.br\/index.php?rest_route=%2Fwp%2Fv2%2Fcategories&post=109250"},{"taxonomy":"post_tag","embeddable":true,"href":"https:\/\/diarioregionaldigital.com.br\/index.php?rest_route=%2Fwp%2Fv2%2Ftags&post=109250"}],"curies":[{"name":"wp","href":"https:\/\/api.w.org\/{rel}","templated":true}]}}