{"id":109198,"date":"2018-06-26T06:00:05","date_gmt":"2018-06-26T09:00:05","guid":{"rendered":"http:\/\/diarioregionaljf.com.br\/?p=109198"},"modified":"2018-08-09T19:31:12","modified_gmt":"2018-08-09T22:31:12","slug":"por-si-so-a-materia-nao-consegue-alterar-a-direcao-do-seu-movimento","status":"publish","type":"post","link":"https:\/\/diarioregionaldigital.com.br\/?p=109198","title":{"rendered":"Por si s\u00f3 a Mat\u00e9ria\u00a0n\u00e3o Consegue Alterar\u00a0a Dire\u00e7\u00e3o do seu\u00a0 Movimento"},"content":{"rendered":"<p style=\"text-align: center;\"><strong>Por si s\u00f3 a Mat\u00e9ria\u00a0 n\u00e3o Consegue Alterar\u00a0 a Dire\u00e7\u00e3o do seu\u00a0 Movimento <\/strong><\/p>\n<p>A mat\u00e9ria n\u00e3o tem capacidade de alterar voluntariamente a dire\u00e7\u00e3o do pr\u00f3prio movimento. Ela se move sempre na mesma dire\u00e7\u00e3o, por for\u00e7a da in\u00e9rcia. Para que inicie movimento novo e crie uma nova ordem, \u00e9 preciso lhe fornecer uma nova energia, capaz de alterar a dire\u00e7\u00e3o do movimento. Essa &#8220;nova energia&#8221; s\u00f3 pode vir da mente, pois s\u00f3 esta tem a capacidade de escolher e alterar a dire\u00e7\u00e3o e a ordem do movimento. Por isso, quando a mat\u00e9ria produz um corpo cristalizado utilizando determinada ordem e desenho, ou quando estrutura um sistema fisiol\u00f3gico num ser vivo, devemos concluir que existe uma &#8220;mente&#8221; orientando tais movimentos. Essa &#8220;mente&#8221; nada mais \u00e9 do que parte da sabedoria de Deus, abundante no Universo.<\/p>\n<p style=\"text-align: center;\">O Esp\u00edrito de Deus movimenta o &#8220;nada&#8221;<br \/>\nDeus \u00e9 o esp\u00edrito de presen\u00e7a universal. Ele n\u00e3o tem forma. Quando a coisa amorfa se move produz ondas, tal como a onda do mar ou a onda atmosf\u00e9rica. Dividindo a mat\u00e9ria at\u00e9 o limite, chegamos ao quantum (no plural, quanta), que vem a ser a quantidade indivis\u00edvel. Seja esse quantum, seja o \u00e9ter hipot\u00e9tico \u2013 n\u00e3o importa o nome \u2013, s\u00e3o sempre ondas produzidas pelo nada.<br \/>\nQuem teria provocado ondas no mundo do nada? \u00c9 evidente que foi uma energia que transcende a mat\u00e9ria. Como consta no G\u00eanesis: &#8220;No princ\u00edpio, criou Deus o c\u00e9u e a terra. A terra, por\u00e9m, estava vazia e nua; e as trevas cobriam a face do abismo; e o esp\u00edrito de Deus era levado por cima das \u00e1guas&#8221;. O abismo e a \u00e1gua simbolizam o nada, coisa amorfa pass\u00edvel de ser modelada em qualquer forma. Nesse mundo do nada movimentou-se o esp\u00edrito de Deus para criar todas as coisas e seres do Universo.<\/p>\n<p style=\"text-align: center;\">Aquilo que est\u00e1 no Interior do Esp\u00edrito<br \/>\nQuado o esp\u00edrito movimentou o nada surgiu a sabedoria, e esta produziu a ordem e as leis. Atrav\u00e9s destas leis o esp\u00edrito criou todos os seres do Universo. O esp\u00edrito \u00e9 a fonte, e podemos afirmar que a sabedoria e a mente s\u00e3o a sua segunda manifesta\u00e7\u00e3o, enquanto a mat\u00e9ria \u00e9 a terceira. Por isso, a sabedoria \u00e9 superior \u00e0 mat\u00e9ria, e o esp\u00edrito superior \u00e0 mente.<br \/>\nAt\u00e9 certo ponto a mente consegue dominar o corpo carnal, mas nunca conseguir\u00e1 faz\u00ea-lo por completo. Para dominar por inteiro o corpo, \u00e9 preciso convocar o esp\u00edrito que se aloja no fundo, mais fundo ainda do que o inconsciente. O melhor meio para isso \u00e9 praticar, diariamente, a Medita\u00e7\u00e3o Shinsokan com uma disposi\u00e7\u00e3o firme e tranquila.<\/p>\n","protected":false},"excerpt":{"rendered":"<p>Por si s\u00f3 a Mat\u00e9ria\u00a0 n\u00e3o Consegue Alterar\u00a0 a Dire\u00e7\u00e3o do seu\u00a0 Movimento A mat\u00e9ria n\u00e3o tem capacidade de alterar voluntariamente a dire\u00e7\u00e3o do pr\u00f3prio movimento. Ela se move sempre na mesma dire\u00e7\u00e3o, por for\u00e7a da in\u00e9rcia. Para que inicie movimento novo e crie uma nova ordem, \u00e9 preciso lhe fornecer uma nova energia, capaz [&hellip;]<\/p>\n","protected":false},"author":96,"featured_media":0,"comment_status":"closed","ping_status":"closed","sticky":false,"template":"","format":"standard","meta":{"footnotes":""},"categories":[263],"tags":[],"class_list":["post-109198","post","type-post","status-publish","format-standard","hentry","category-jane-aragao"],"_links":{"self":[{"href":"https:\/\/diarioregionaldigital.com.br\/index.php?rest_route=\/wp\/v2\/posts\/109198","targetHints":{"allow":["GET"]}}],"collection":[{"href":"https:\/\/diarioregionaldigital.com.br\/index.php?rest_route=\/wp\/v2\/posts"}],"about":[{"href":"https:\/\/diarioregionaldigital.com.br\/index.php?rest_route=\/wp\/v2\/types\/post"}],"author":[{"embeddable":true,"href":"https:\/\/diarioregionaldigital.com.br\/index.php?rest_route=\/wp\/v2\/users\/96"}],"replies":[{"embeddable":true,"href":"https:\/\/diarioregionaldigital.com.br\/index.php?rest_route=%2Fwp%2Fv2%2Fcomments&post=109198"}],"version-history":[{"count":0,"href":"https:\/\/diarioregionaldigital.com.br\/index.php?rest_route=\/wp\/v2\/posts\/109198\/revisions"}],"wp:attachment":[{"href":"https:\/\/diarioregionaldigital.com.br\/index.php?rest_route=%2Fwp%2Fv2%2Fmedia&parent=109198"}],"wp:term":[{"taxonomy":"category","embeddable":true,"href":"https:\/\/diarioregionaldigital.com.br\/index.php?rest_route=%2Fwp%2Fv2%2Fcategories&post=109198"},{"taxonomy":"post_tag","embeddable":true,"href":"https:\/\/diarioregionaldigital.com.br\/index.php?rest_route=%2Fwp%2Fv2%2Ftags&post=109198"}],"curies":[{"name":"wp","href":"https:\/\/api.w.org\/{rel}","templated":true}]}}