{"id":109145,"date":"2018-06-25T17:01:10","date_gmt":"2018-06-25T20:01:10","guid":{"rendered":"http:\/\/diarioregionaljf.com.br\/?p=109145"},"modified":"2018-06-25T17:01:10","modified_gmt":"2018-06-25T20:01:10","slug":"aumento-de-pena-para-roubo-com-arma-branca-esta-na-pauta-do-plenario","status":"publish","type":"post","link":"https:\/\/diarioregionaldigital.com.br\/?p=109145","title":{"rendered":"Aumento de pena para roubo com arma branca est\u00e1 na pauta do Plen\u00e1rio"},"content":{"rendered":"<p>O emprego das chamadas armas brancas, como facas e canivetes, pode voltar a ser agravante para crime de roubo. \u00c9 o que prev\u00ea o Projeto de Lei do Senado 279\/2018, que est\u00e1 na pauta do Plen\u00e1rio e pode ser votado nessa ter\u00e7a-feira, 26. O texto prev\u00ea aumento entre um ter\u00e7o e metade da pena para quem usar esse tipo de arma no crime.<\/p>\n<p>At\u00e9 abril deste ano o emprego de arma branca era considerado agravante para o crime de roubo. Essa norma, no entanto, foi exclu\u00edda pela\u00a0Lei\u00a013.654, de 2018, que aumentou a pena para roubo com uso de explosivos. A mudan\u00e7a recebeu cr\u00edticas de especialistas em Direito Penal e de integrantes do Judici\u00e1rio e do Minist\u00e9rio P\u00fablico, o que levou a Comiss\u00e3o de Constitui\u00e7\u00e3o, Justi\u00e7a e Cidadania (CCJ) a apresentar o projeto.<\/p>\n<p>De acordo com o C\u00f3digo Penal o crime \u00e9 de roubo quando h\u00e1 subtra\u00e7\u00e3o de<strong>\u00a0<\/strong>algo alheio mediante grave amea\u00e7a ou viol\u00eancia \u00e0 pessoa. A pena \u00e9 de reclus\u00e3o de 4 a 10 anos, al\u00e9m de multa. A puni\u00e7\u00e3o pode ser aumentada em dois ter\u00e7os se h\u00e1 viol\u00eancia com arma de fogo ou se forem usados explosivos.<\/p>\n<p>Tamb\u00e9m est\u00e1 previsto aumento de pena de um ter\u00e7o at\u00e9 metade se o roubo \u00e9 praticado por mais de uma pessoa; se a v\u00edtima est\u00e1 trabalhando com transporte de valores; se for roubo de ve\u00edculo seguido de remo\u00e7\u00e3o para outro estado ou para o exterior; se h\u00e1 sequestro; ou se o roubo for de\u00a0subst\u00e2ncias explosivas ou de acess\u00f3rios para sua fabrica\u00e7\u00e3o.<\/p>\n<p>Se for aprovado, o projeto ainda ter\u00e1 de passar pela C\u00e2mara dos Deputados.<\/p>\n<p>&nbsp;<\/p>\n<p>&nbsp;<\/p>\n<p>Fonte: Ag\u00eancia Senado<\/p>\n","protected":false},"excerpt":{"rendered":"<p>O emprego das chamadas armas brancas, como facas e canivetes, pode voltar a ser agravante para crime de roubo. \u00c9 o que prev\u00ea o Projeto de Lei do Senado 279\/2018, que est\u00e1 na pauta do Plen\u00e1rio e pode ser votado nessa ter\u00e7a-feira, 26. O texto prev\u00ea aumento entre um ter\u00e7o e metade da pena para [&hellip;]<\/p>\n","protected":false},"author":96,"featured_media":109147,"comment_status":"closed","ping_status":"closed","sticky":false,"template":"","format":"standard","meta":{"footnotes":""},"categories":[254,439],"tags":[],"class_list":["post-109145","post","type-post","status-publish","format-standard","has-post-thumbnail","hentry","category-politica","category-ultima-hora"],"_links":{"self":[{"href":"https:\/\/diarioregionaldigital.com.br\/index.php?rest_route=\/wp\/v2\/posts\/109145","targetHints":{"allow":["GET"]}}],"collection":[{"href":"https:\/\/diarioregionaldigital.com.br\/index.php?rest_route=\/wp\/v2\/posts"}],"about":[{"href":"https:\/\/diarioregionaldigital.com.br\/index.php?rest_route=\/wp\/v2\/types\/post"}],"author":[{"embeddable":true,"href":"https:\/\/diarioregionaldigital.com.br\/index.php?rest_route=\/wp\/v2\/users\/96"}],"replies":[{"embeddable":true,"href":"https:\/\/diarioregionaldigital.com.br\/index.php?rest_route=%2Fwp%2Fv2%2Fcomments&post=109145"}],"version-history":[{"count":0,"href":"https:\/\/diarioregionaldigital.com.br\/index.php?rest_route=\/wp\/v2\/posts\/109145\/revisions"}],"wp:featuredmedia":[{"embeddable":true,"href":"https:\/\/diarioregionaldigital.com.br\/index.php?rest_route=\/wp\/v2\/media\/109147"}],"wp:attachment":[{"href":"https:\/\/diarioregionaldigital.com.br\/index.php?rest_route=%2Fwp%2Fv2%2Fmedia&parent=109145"}],"wp:term":[{"taxonomy":"category","embeddable":true,"href":"https:\/\/diarioregionaldigital.com.br\/index.php?rest_route=%2Fwp%2Fv2%2Fcategories&post=109145"},{"taxonomy":"post_tag","embeddable":true,"href":"https:\/\/diarioregionaldigital.com.br\/index.php?rest_route=%2Fwp%2Fv2%2Ftags&post=109145"}],"curies":[{"name":"wp","href":"https:\/\/api.w.org\/{rel}","templated":true}]}}